{"id":187719,"date":"2024-10-03T11:21:25","date_gmt":"2024-10-03T09:21:25","guid":{"rendered":"https:\/\/www.oliviacentre.com\/uncategorized\/viterra-the-top-floor-of-olivia-prime-welcomed-a-new-tenant\/"},"modified":"2024-10-03T11:21:25","modified_gmt":"2024-10-03T09:21:25","slug":"viterra-the-top-floor-of-olivia-prime-welcomed-a-new-tenant","status":"publish","type":"post","link":"https:\/\/www.oliviacentre.com\/en\/uncategorized\/viterra-the-top-floor-of-olivia-prime-welcomed-a-new-tenant\/","title":{"rendered":"Viterra \u2013 the top floor of Olivia Prime welcomed a new tenant"},"content":{"rendered":"<p style=\"text-align: justify;\"><span data-olk-copy-source=\"MessageBody\">Private roof terrace, office in the spirit of re-use and zero waste.<br \/>\nThe design for a company from the food industry was prepared by a team of architects Design Anatomy, and its basis is care for environmental responsibility and ecology of the workplace.   <\/span><\/p>\n<p style=\"text-align: justify;\">\n<p>&nbsp;<\/p>\n<p style=\"text-align: justify;\">Viterra is a global market leader in cereals, oilseeds, legumes, sugar, rice, cotton, vegetable oils and biodiesel.<br \/>\nThe company operates in 35 countries and operates in the most important global markets.<br \/>\nThe company handles 1.5 million tons of goods annually in ports, exports 2 million tons by land, and in Poland it can already boast of ten of its own warehouse locations and elevators, allowing it to store 350,000 tons.   tons and its own production of vegetable oils. Viterra has occupied a representative office on the top floor of Olivia&#8217;s newest building \u2013 Olivia Prime with an area of nearly 1500 m.kw. <i>When designing the office for Viterra, we decided to refer to the industry in which they specialize and use the colors of fields visible from a bird&#8217;s eye view, cereals in warm shades of yellow, gold and green grasses, complementing them with accents in cobalt and dark green <\/i>\u2013 Monika Loewnau-Solis, project manager and architect from Design Anatomy, describes the project<i>.<br \/>\nMy\u015bl\u0105c o zwi\u0105zkach firmy z natur\u0105 postawili\u015bmy tak\u017ce na ekologi\u0119 i odpowiedzialno\u015b\u0107 \u015brodowiskow\u0105.<br \/>\nW ca\u0142ym biurze pojawi\u0142y si\u0119 a\u017curowe panele odgradzaj\u0105ce poszczeg\u00f3lne strefy oraz panele \u015bcienne.<br \/>\nWszystkie wykonane zosta\u0142y z butelek PET, kt\u00f3re nie do\u015b\u0107, \u017ce pochodz\u0105 z przetworzonego plastiku, to jeszcze cechuj\u0105 je wysokie parametry d\u017awi\u0119koch\u0142onno\u015bci i ciekawa estetyka.<br \/>\nPanele z PET wykorzystane zosta\u0142y tak\u017ce na sufitach w cz\u0119\u015bciach jadalnianych, a w pozosta\u0142ej cz\u0119\u015bci biura stanowi\u0105 oryginalne elementy dekoracyjne, zarazem przeciwdzia\u0142aj\u0105ce rozprzestrzenianiu si\u0119 d\u017awi\u0119k\u00f3w pochodz\u0105cych ze strefy open space.    <\/i><\/p>\n<p style=\"text-align: justify;\">\n<p>&nbsp;<\/p>\n<p style=\"text-align: justify;\">Viterra&#8217;s environmental awareness is manifested not only in the use of recycled finishing materials.<br \/>\nThe furniture used in the office is part of the company&#8217;s re-use policy.<br \/>\nViterra decided to reuse desks that had been used for a short period of time in another company.<br \/>\nThese are high-class ergonomic electric desks that allow you to change your working position from sitting to standing.<br \/>\nThis is especially important for employees of the sales department, who often spend many hours on strenuous, energy-intensive work, as well as in accounting and the legal department.    <\/p>\n<p style=\"text-align: justify;\">\n<p>&nbsp;<\/p>\n<p style=\"text-align: justify;\">The functional layout of the office is very clearly divided into common areas and work zones.<br \/>\nThe heart is the reception area, a place for integration and interaction of the entire company team.<br \/>\nThanks to the stylistic treatments used, the variety of forms and materials, it welcomes you with exceptional energy from the entrance.<br \/>\nGeometric forms of acoustic panels on the ceilings, wall finishes in natural sepia and cork envelop the space, dampening excessive noise.<br \/>\nColourful, sunny and bright armchairs, poufs and seats on the walls encourage meetings and conversations.<br \/>\nTheir location provides a view of the vast forest of the Tri-City Landscape Park, which allows you to relax during the working day.<br \/>\nIn the immediate vicinity of the reception desk, telephone booths and conference rooms have been designed.<br \/>\nAll of them have been finished with acoustic cladding, and there are wooden slats on the ceilings.<br \/>\nTheir interiors are dominated by saturated colors taken from nature, which are supposed to stimulate energy during meetings taking place in them.        <\/p>\n<p style=\"text-align: justify;\">\n<p>&nbsp;<\/p>\n<p style=\"text-align: justify;\">Viterra&#8217;s employees have two enclosed kitchens at their disposal, in which the transitions from the kitchen areas to the dining areas have been clearly emphasized by the use of different materials in each part of the room.<br \/>\nIn the kitchen area, there are vinyl tiles in the color of natural wood on the floor, and geometric patterns in the dining room.<br \/>\nThese accents were also reproduced on the ceilings of both parts, emphasizing their different functions.<br \/>\nBoth kitchens have been complemented with contrasting accents in accordance with the arrangement concept defined for the entire office.   <\/p>\n<p style=\"text-align: justify;\">\n<p>&nbsp;<\/p>\n<p style=\"text-align: justify;\"><i>To separate individual zones of the office, we decided to use openwork walls with geometric patterns<\/i> \u2013 says Monika Loewnau-Solis. <i>In this way, we defined the design of the entire office, but also gained an additional function \u2013 we ensured the intimacy and coziness of the space, and additionally limited the spread of sounds between the usually noisy, energetic part of the open space and the intimate and quiet work zone for lawyers and accounting.<\/i><\/p>\n<p style=\"text-align: justify;\">\n<p>&nbsp;<\/p>\n<p style=\"text-align: justify;\"><i>The goal we set was to adapt the office to the current trends &#8211; hybrid work, enabling employees to fully return to stationary work in the future<\/i> &#8211; says Monika Loewnau-Solis.  <i>At the same time, the client was very keen on the comfort of the staff and the appropriate distribution of teams with different work characteristics.<br \/>\nWe decided to divide the office into a part intended for focused work and an active, loud cooperation zone, where there is energy, joint work and cooperation of entire teams of the company. <\/i><\/p>\n<p style=\"text-align: justify;\">\n<p>&nbsp;<\/p>\n<p style=\"text-align: justify;\">Viterra&#8217;s office also includes a terrace with an area of 180 m.kw, which is located on the 15th floor of Olivia Prime. It is the highest terrace with a view not only of the forest surrounding Olivia, but also of the Bay of Gda\u0144sk and the most interesting icons of the Gda\u0144sk landscape \u2013 Polsat Arena, shipyard cranes and the silhouette of St. Mary&#8217;s Church. This space is still waiting to be developed, but chill out zones, lounge beds and greenery are being prepared, allowing you to rest during the working day.<\/p>\n<p>&nbsp;<\/p>\n<div id='gallery-1' class='gallery galleryid-187719 gallery-columns-2 gallery-size-full'><figure class='gallery-item'>\n\t\t\t<div class='gallery-icon landscape'>\n\t\t\t\t<a href='https:\/\/www.oliviacentre.com\/wp-content\/uploads\/2024\/10\/\u00a9Tom-Kurek_TS504435_321_2048.jpg'><img loading=\"lazy\" decoding=\"async\" width=\"2048\" height=\"1365\" src=\"https:\/\/www.oliviacentre.com\/wp-content\/uploads\/2024\/10\/\u00a9Tom-Kurek_TS504435_321_2048.jpg\" class=\"attachment-full size-full\" alt=\"\" aria-describedby=\"gallery-1-187699\" srcset=\"https:\/\/www.oliviacentre.com\/wp-content\/uploads\/2024\/10\/\u00a9Tom-Kurek_TS504435_321_2048.jpg 2048w, https:\/\/www.oliviacentre.com\/wp-content\/uploads\/2024\/10\/\u00a9Tom-Kurek_TS504435_321_2048-300x200.jpg 300w, https:\/\/www.oliviacentre.com\/wp-content\/uploads\/2024\/10\/\u00a9Tom-Kurek_TS504435_321_2048-1024x683.jpg 1024w, https:\/\/www.oliviacentre.com\/wp-content\/uploads\/2024\/10\/\u00a9Tom-Kurek_TS504435_321_2048-768x512.jpg 768w, https:\/\/www.oliviacentre.com\/wp-content\/uploads\/2024\/10\/\u00a9Tom-Kurek_TS504435_321_2048-1536x1024.jpg 1536w\" sizes=\"auto, (max-width: 2048px) 100vw, 2048px\" \/><\/a>\n\t\t\t<\/div>\n\t\t\t\t<figcaption class='wp-caption-text gallery-caption' id='gallery-1-187699'>\n\t\t\t\t\u00a0Autor Tom Kurek \n\t\t\t\t<\/figcaption><\/figure><figure class='gallery-item'>\n\t\t\t<div class='gallery-icon landscape'>\n\t\t\t\t<a href='https:\/\/www.oliviacentre.com\/wp-content\/uploads\/2024\/10\/\u00a9Tom-Kurek_TS504416_321_2048.jpg'><img loading=\"lazy\" decoding=\"async\" width=\"2048\" height=\"1365\" src=\"https:\/\/www.oliviacentre.com\/wp-content\/uploads\/2024\/10\/\u00a9Tom-Kurek_TS504416_321_2048.jpg\" class=\"attachment-full size-full\" alt=\"\" aria-describedby=\"gallery-1-187703\" srcset=\"https:\/\/www.oliviacentre.com\/wp-content\/uploads\/2024\/10\/\u00a9Tom-Kurek_TS504416_321_2048.jpg 2048w, https:\/\/www.oliviacentre.com\/wp-content\/uploads\/2024\/10\/\u00a9Tom-Kurek_TS504416_321_2048-300x200.jpg 300w, https:\/\/www.oliviacentre.com\/wp-content\/uploads\/2024\/10\/\u00a9Tom-Kurek_TS504416_321_2048-1024x683.jpg 1024w, https:\/\/www.oliviacentre.com\/wp-content\/uploads\/2024\/10\/\u00a9Tom-Kurek_TS504416_321_2048-768x512.jpg 768w, https:\/\/www.oliviacentre.com\/wp-content\/uploads\/2024\/10\/\u00a9Tom-Kurek_TS504416_321_2048-1536x1024.jpg 1536w\" sizes=\"auto, (max-width: 2048px) 100vw, 2048px\" \/><\/a>\n\t\t\t<\/div>\n\t\t\t\t<figcaption class='wp-caption-text gallery-caption' id='gallery-1-187703'>\n\t\t\t\t\u00a0Autor Tom Kurek \n\t\t\t\t<\/figcaption><\/figure><figure class='gallery-item'>\n\t\t\t<div class='gallery-icon portrait'>\n\t\t\t\t<a href='https:\/\/www.oliviacentre.com\/wp-content\/uploads\/2024\/10\/\u00a9Tom-Kurek_TS504493_321_2048.jpg'><img loading=\"lazy\" decoding=\"async\" width=\"1365\" height=\"2048\" src=\"https:\/\/www.oliviacentre.com\/wp-content\/uploads\/2024\/10\/\u00a9Tom-Kurek_TS504493_321_2048.jpg\" class=\"attachment-full size-full\" alt=\"\" aria-describedby=\"gallery-1-187707\" srcset=\"https:\/\/www.oliviacentre.com\/wp-content\/uploads\/2024\/10\/\u00a9Tom-Kurek_TS504493_321_2048.jpg 1365w, https:\/\/www.oliviacentre.com\/wp-content\/uploads\/2024\/10\/\u00a9Tom-Kurek_TS504493_321_2048-200x300.jpg 200w, https:\/\/www.oliviacentre.com\/wp-content\/uploads\/2024\/10\/\u00a9Tom-Kurek_TS504493_321_2048-683x1024.jpg 683w, https:\/\/www.oliviacentre.com\/wp-content\/uploads\/2024\/10\/\u00a9Tom-Kurek_TS504493_321_2048-768x1152.jpg 768w, https:\/\/www.oliviacentre.com\/wp-content\/uploads\/2024\/10\/\u00a9Tom-Kurek_TS504493_321_2048-1024x1536.jpg 1024w\" sizes=\"auto, (max-width: 1365px) 100vw, 1365px\" \/><\/a>\n\t\t\t<\/div>\n\t\t\t\t<figcaption class='wp-caption-text gallery-caption' id='gallery-1-187707'>\n\t\t\t\t\u00a0Autor Tom Kurek \n\t\t\t\t<\/figcaption><\/figure><figure class='gallery-item'>\n\t\t\t<div class='gallery-icon portrait'>\n\t\t\t\t<a href='https:\/\/www.oliviacentre.com\/wp-content\/uploads\/2024\/10\/\u00a9Tom-Kurek_TS504474_321_2048.jpg'><img loading=\"lazy\" decoding=\"async\" width=\"1365\" height=\"2048\" src=\"https:\/\/www.oliviacentre.com\/wp-content\/uploads\/2024\/10\/\u00a9Tom-Kurek_TS504474_321_2048.jpg\" class=\"attachment-full size-full\" alt=\"\" aria-describedby=\"gallery-1-187715\" srcset=\"https:\/\/www.oliviacentre.com\/wp-content\/uploads\/2024\/10\/\u00a9Tom-Kurek_TS504474_321_2048.jpg 1365w, https:\/\/www.oliviacentre.com\/wp-content\/uploads\/2024\/10\/\u00a9Tom-Kurek_TS504474_321_2048-200x300.jpg 200w, https:\/\/www.oliviacentre.com\/wp-content\/uploads\/2024\/10\/\u00a9Tom-Kurek_TS504474_321_2048-683x1024.jpg 683w, https:\/\/www.oliviacentre.com\/wp-content\/uploads\/2024\/10\/\u00a9Tom-Kurek_TS504474_321_2048-768x1152.jpg 768w, https:\/\/www.oliviacentre.com\/wp-content\/uploads\/2024\/10\/\u00a9Tom-Kurek_TS504474_321_2048-1024x1536.jpg 1024w\" sizes=\"auto, (max-width: 1365px) 100vw, 1365px\" \/><\/a>\n\t\t\t<\/div>\n\t\t\t\t<figcaption class='wp-caption-text gallery-caption' id='gallery-1-187715'>\n\t\t\t\t\u00a0Autor Tom Kurek \n\t\t\t\t<\/figcaption><\/figure><figure class='gallery-item'>\n\t\t\t<div class='gallery-icon portrait'>\n\t\t\t\t<a href='https:\/\/www.oliviacentre.com\/wp-content\/uploads\/2024\/10\/\u00a9Tom-Kurek_TS504485_321_2048.jpg'><img loading=\"lazy\" decoding=\"async\" width=\"1365\" height=\"2048\" src=\"https:\/\/www.oliviacentre.com\/wp-content\/uploads\/2024\/10\/\u00a9Tom-Kurek_TS504485_321_2048.jpg\" class=\"attachment-full size-full\" alt=\"\" aria-describedby=\"gallery-1-187711\" srcset=\"https:\/\/www.oliviacentre.com\/wp-content\/uploads\/2024\/10\/\u00a9Tom-Kurek_TS504485_321_2048.jpg 1365w, https:\/\/www.oliviacentre.com\/wp-content\/uploads\/2024\/10\/\u00a9Tom-Kurek_TS504485_321_2048-200x300.jpg 200w, https:\/\/www.oliviacentre.com\/wp-content\/uploads\/2024\/10\/\u00a9Tom-Kurek_TS504485_321_2048-683x1024.jpg 683w, https:\/\/www.oliviacentre.com\/wp-content\/uploads\/2024\/10\/\u00a9Tom-Kurek_TS504485_321_2048-768x1152.jpg 768w, https:\/\/www.oliviacentre.com\/wp-content\/uploads\/2024\/10\/\u00a9Tom-Kurek_TS504485_321_2048-1024x1536.jpg 1024w\" sizes=\"auto, (max-width: 1365px) 100vw, 1365px\" \/><\/a>\n\t\t\t<\/div>\n\t\t\t\t<figcaption class='wp-caption-text gallery-caption' id='gallery-1-187711'>\n\t\t\t\t\u00a0Autor Tom Kurek \n\t\t\t\t<\/figcaption><\/figure><figure class='gallery-item'>\n\t\t\t<div class='gallery-icon portrait'>\n\t\t\t\t<a href='https:\/\/www.oliviacentre.com\/wp-content\/uploads\/2024\/10\/\u00a9Tom-Kurek_TS504465_321_2048.jpg'><img loading=\"lazy\" decoding=\"async\" width=\"1366\" height=\"2048\" src=\"https:\/\/www.oliviacentre.com\/wp-content\/uploads\/2024\/10\/\u00a9Tom-Kurek_TS504465_321_2048.jpg\" class=\"attachment-full size-full\" alt=\"\" aria-describedby=\"gallery-1-187695\" srcset=\"https:\/\/www.oliviacentre.com\/wp-content\/uploads\/2024\/10\/\u00a9Tom-Kurek_TS504465_321_2048.jpg 1366w, https:\/\/www.oliviacentre.com\/wp-content\/uploads\/2024\/10\/\u00a9Tom-Kurek_TS504465_321_2048-200x300.jpg 200w, https:\/\/www.oliviacentre.com\/wp-content\/uploads\/2024\/10\/\u00a9Tom-Kurek_TS504465_321_2048-683x1024.jpg 683w, https:\/\/www.oliviacentre.com\/wp-content\/uploads\/2024\/10\/\u00a9Tom-Kurek_TS504465_321_2048-768x1151.jpg 768w, https:\/\/www.oliviacentre.com\/wp-content\/uploads\/2024\/10\/\u00a9Tom-Kurek_TS504465_321_2048-1025x1536.jpg 1025w\" sizes=\"auto, (max-width: 1366px) 100vw, 1366px\" \/><\/a>\n\t\t\t<\/div>\n\t\t\t\t<figcaption class='wp-caption-text gallery-caption' id='gallery-1-187695'>\n\t\t\t\tautor: \n\t\t\t\t<\/figcaption><\/figure>\n\t\t<\/div>\n\n","protected":false},"excerpt":{"rendered":"<p>Private roof terrace, office in the spirit of re-use and zero waste. The design for a company from the food industry was prepared by a team of architects Design Anatomy, and its basis is care for environmental responsibility and ecology of the workplace. &nbsp; Viterra is a global market leader in cereals, oilseeds, legumes, sugar, [&hellip;]<\/p>\n","protected":false},"author":27,"featured_media":187691,"comment_status":"closed","ping_status":"closed","sticky":false,"template":"","format":"standard","meta":{"_acf_changed":false,"kk_blocks_editor_width":"","_kiokenblocks_attr":"","_kiokenblocks_dimensions":"","footnotes":"","_links_to":"","_links_to_target":""},"categories":[19,291,293],"tags":[],"post_folder":[],"class_list":["post-187719","post","type-post","status-publish","format-standard","has-post-thumbnail","hentry","category-uncategorized","category-im-a-resident","category-news-en"],"acf":[],"yoast_head":"<!-- This site is optimized with the Yoast SEO plugin v27.4 - https:\/\/yoast.com\/product\/yoast-seo-wordpress\/ -->\n<title>Viterra \u2013 the top floor of Olivia Prime welcomed a new tenant - Olivia Centre<\/title>\n<meta name=\"robots\" content=\"index, follow, max-snippet:-1, max-image-preview:large, max-video-preview:-1\" \/>\n<link rel=\"canonical\" href=\"https:\/\/www.oliviacentre.com\/en\/news-en\/viterra-the-top-floor-of-olivia-prime-welcomed-a-new-tenant\/\" \/>\n<meta property=\"og:locale\" content=\"en_US\" \/>\n<meta property=\"og:type\" content=\"article\" \/>\n<meta property=\"og:title\" content=\"Viterra \u2013 the top floor of Olivia Prime welcomed a new tenant - Olivia Centre\" \/>\n<meta property=\"og:description\" content=\"Private roof terrace, office in the spirit of re-use and zero waste. The design for a company from the food industry was prepared by a team of architects Design Anatomy, and its basis is care for environmental responsibility and ecology of the workplace. &nbsp; Viterra is a global market leader in cereals, oilseeds, legumes, sugar, [&hellip;]\" \/>\n<meta property=\"og:url\" content=\"https:\/\/www.oliviacentre.com\/en\/news-en\/viterra-the-top-floor-of-olivia-prime-welcomed-a-new-tenant\/\" \/>\n<meta property=\"og:site_name\" content=\"Olivia Centre\" \/>\n<meta property=\"article:publisher\" content=\"https:\/\/www.facebook.com\/oliviabusinesscentre\/\" \/>\n<meta property=\"article:published_time\" content=\"2024-10-03T09:21:25+00:00\" \/>\n<meta property=\"og:image\" content=\"https:\/\/www.oliviacentre.com\/wp-content\/uploads\/2024\/10\/viterra-1024x303.png\" \/>\n\t<meta property=\"og:image:width\" content=\"1024\" \/>\n\t<meta property=\"og:image:height\" content=\"303\" \/>\n\t<meta property=\"og:image:type\" content=\"image\/png\" \/>\n<meta name=\"author\" content=\"Asia Lewicka\" \/>\n<meta name=\"twitter:card\" content=\"summary_large_image\" \/>\n<meta name=\"twitter:creator\" content=\"@oliviabusiness\" \/>\n<meta name=\"twitter:site\" content=\"@oliviabusiness\" \/>\n<meta name=\"twitter:label1\" content=\"Written by\" \/>\n\t<meta name=\"twitter:data1\" content=\"Asia Lewicka\" \/>\n\t<meta name=\"twitter:label2\" content=\"Est. reading time\" \/>\n\t<meta name=\"twitter:data2\" content=\"5 minutes\" \/>\n<script type=\"application\/ld+json\" class=\"yoast-schema-graph\">{\"@context\":\"https:\\\/\\\/schema.org\",\"@graph\":[{\"@type\":\"Article\",\"@id\":\"https:\\\/\\\/www.oliviacentre.com\\\/en\\\/news-en\\\/viterra-the-top-floor-of-olivia-prime-welcomed-a-new-tenant\\\/#article\",\"isPartOf\":{\"@id\":\"https:\\\/\\\/www.oliviacentre.com\\\/en\\\/news-en\\\/viterra-the-top-floor-of-olivia-prime-welcomed-a-new-tenant\\\/\"},\"author\":{\"name\":\"Asia Lewicka\",\"@id\":\"https:\\\/\\\/www.oliviacentre.com\\\/#\\\/schema\\\/person\\\/bd2ed6efd5bbc5684de717e0109d5a0c\"},\"headline\":\"Viterra \u2013 the top floor of Olivia Prime welcomed a new tenant\",\"datePublished\":\"2024-10-03T09:21:25+00:00\",\"mainEntityOfPage\":{\"@id\":\"https:\\\/\\\/www.oliviacentre.com\\\/en\\\/news-en\\\/viterra-the-top-floor-of-olivia-prime-welcomed-a-new-tenant\\\/\"},\"wordCount\":949,\"image\":{\"@id\":\"https:\\\/\\\/www.oliviacentre.com\\\/en\\\/news-en\\\/viterra-the-top-floor-of-olivia-prime-welcomed-a-new-tenant\\\/#primaryimage\"},\"thumbnailUrl\":\"https:\\\/\\\/www.oliviacentre.com\\\/wp-content\\\/uploads\\\/2024\\\/10\\\/viterra.png\",\"articleSection\":{\"1\":\"I'm a resident\",\"2\":\"News\"},\"inLanguage\":\"en-US\"},{\"@type\":\"WebPage\",\"@id\":\"https:\\\/\\\/www.oliviacentre.com\\\/en\\\/news-en\\\/viterra-the-top-floor-of-olivia-prime-welcomed-a-new-tenant\\\/\",\"url\":\"https:\\\/\\\/www.oliviacentre.com\\\/en\\\/news-en\\\/viterra-the-top-floor-of-olivia-prime-welcomed-a-new-tenant\\\/\",\"name\":\"Viterra \u2013 the top floor of Olivia Prime welcomed a new tenant - Olivia Centre\",\"isPartOf\":{\"@id\":\"https:\\\/\\\/www.oliviacentre.com\\\/#website\"},\"primaryImageOfPage\":{\"@id\":\"https:\\\/\\\/www.oliviacentre.com\\\/en\\\/news-en\\\/viterra-the-top-floor-of-olivia-prime-welcomed-a-new-tenant\\\/#primaryimage\"},\"image\":{\"@id\":\"https:\\\/\\\/www.oliviacentre.com\\\/en\\\/news-en\\\/viterra-the-top-floor-of-olivia-prime-welcomed-a-new-tenant\\\/#primaryimage\"},\"thumbnailUrl\":\"https:\\\/\\\/www.oliviacentre.com\\\/wp-content\\\/uploads\\\/2024\\\/10\\\/viterra.png\",\"datePublished\":\"2024-10-03T09:21:25+00:00\",\"author\":{\"@id\":\"https:\\\/\\\/www.oliviacentre.com\\\/#\\\/schema\\\/person\\\/bd2ed6efd5bbc5684de717e0109d5a0c\"},\"breadcrumb\":{\"@id\":\"https:\\\/\\\/www.oliviacentre.com\\\/en\\\/news-en\\\/viterra-the-top-floor-of-olivia-prime-welcomed-a-new-tenant\\\/#breadcrumb\"},\"inLanguage\":\"en-US\",\"potentialAction\":[{\"@type\":\"ReadAction\",\"target\":[\"https:\\\/\\\/www.oliviacentre.com\\\/en\\\/news-en\\\/viterra-the-top-floor-of-olivia-prime-welcomed-a-new-tenant\\\/\"]}]},{\"@type\":\"ImageObject\",\"inLanguage\":\"en-US\",\"@id\":\"https:\\\/\\\/www.oliviacentre.com\\\/en\\\/news-en\\\/viterra-the-top-floor-of-olivia-prime-welcomed-a-new-tenant\\\/#primaryimage\",\"url\":\"https:\\\/\\\/www.oliviacentre.com\\\/wp-content\\\/uploads\\\/2024\\\/10\\\/viterra.png\",\"contentUrl\":\"https:\\\/\\\/www.oliviacentre.com\\\/wp-content\\\/uploads\\\/2024\\\/10\\\/viterra.png\",\"width\":2048,\"height\":605},{\"@type\":\"BreadcrumbList\",\"@id\":\"https:\\\/\\\/www.oliviacentre.com\\\/en\\\/news-en\\\/viterra-the-top-floor-of-olivia-prime-welcomed-a-new-tenant\\\/#breadcrumb\",\"itemListElement\":[{\"@type\":\"ListItem\",\"position\":1,\"name\":\"Strona g\u0142\u00f3wna\",\"item\":\"https:\\\/\\\/www.oliviacentre.com\\\/en\\\/\"},{\"@type\":\"ListItem\",\"position\":2,\"name\":\"Viterra \u2013 the top floor of Olivia Prime welcomed a new tenant\"}]},{\"@type\":\"WebSite\",\"@id\":\"https:\\\/\\\/www.oliviacentre.com\\\/#website\",\"url\":\"https:\\\/\\\/www.oliviacentre.com\\\/\",\"name\":\"Olivia Centre\",\"description\":\"wi\u0119cej ni\u017c biznes\",\"potentialAction\":[{\"@type\":\"SearchAction\",\"target\":{\"@type\":\"EntryPoint\",\"urlTemplate\":\"https:\\\/\\\/www.oliviacentre.com\\\/?s={search_term_string}\"},\"query-input\":{\"@type\":\"PropertyValueSpecification\",\"valueRequired\":true,\"valueName\":\"search_term_string\"}}],\"inLanguage\":\"en-US\"},{\"@type\":\"Person\",\"@id\":\"https:\\\/\\\/www.oliviacentre.com\\\/#\\\/schema\\\/person\\\/bd2ed6efd5bbc5684de717e0109d5a0c\",\"name\":\"Asia Lewicka\",\"image\":{\"@type\":\"ImageObject\",\"inLanguage\":\"en-US\",\"@id\":\"https:\\\/\\\/secure.gravatar.com\\\/avatar\\\/88d34aafa0c4dea829fffc8354fed1e5ff49a22644341f3b812e3b1958bf3333?s=96&d=mm&r=g\",\"url\":\"https:\\\/\\\/secure.gravatar.com\\\/avatar\\\/88d34aafa0c4dea829fffc8354fed1e5ff49a22644341f3b812e3b1958bf3333?s=96&d=mm&r=g\",\"contentUrl\":\"https:\\\/\\\/secure.gravatar.com\\\/avatar\\\/88d34aafa0c4dea829fffc8354fed1e5ff49a22644341f3b812e3b1958bf3333?s=96&d=mm&r=g\",\"caption\":\"Asia Lewicka\"},\"sameAs\":[\"https:\\\/\\\/www.oliviacentre.com\\\/\"],\"url\":\"https:\\\/\\\/www.oliviacentre.com\\\/en\\\/author\\\/asial\\\/\"}]}<\/script>\n<!-- \/ Yoast SEO plugin. -->","yoast_head_json":{"title":"Viterra \u2013 the top floor of Olivia Prime welcomed a new tenant - Olivia Centre","robots":{"index":"index","follow":"follow","max-snippet":"max-snippet:-1","max-image-preview":"max-image-preview:large","max-video-preview":"max-video-preview:-1"},"canonical":"https:\/\/www.oliviacentre.com\/en\/news-en\/viterra-the-top-floor-of-olivia-prime-welcomed-a-new-tenant\/","og_locale":"en_US","og_type":"article","og_title":"Viterra \u2013 the top floor of Olivia Prime welcomed a new tenant - Olivia Centre","og_description":"Private roof terrace, office in the spirit of re-use and zero waste. The design for a company from the food industry was prepared by a team of architects Design Anatomy, and its basis is care for environmental responsibility and ecology of the workplace. &nbsp; Viterra is a global market leader in cereals, oilseeds, legumes, sugar, [&hellip;]","og_url":"https:\/\/www.oliviacentre.com\/en\/news-en\/viterra-the-top-floor-of-olivia-prime-welcomed-a-new-tenant\/","og_site_name":"Olivia Centre","article_publisher":"https:\/\/www.facebook.com\/oliviabusinesscentre\/","article_published_time":"2024-10-03T09:21:25+00:00","og_image":[{"width":1024,"height":303,"url":"https:\/\/www.oliviacentre.com\/wp-content\/uploads\/2024\/10\/viterra-1024x303.png","type":"image\/png"}],"author":"Asia Lewicka","twitter_card":"summary_large_image","twitter_creator":"@oliviabusiness","twitter_site":"@oliviabusiness","twitter_misc":{"Written by":"Asia Lewicka","Est. reading time":"5 minutes"},"schema":{"@context":"https:\/\/schema.org","@graph":[{"@type":"Article","@id":"https:\/\/www.oliviacentre.com\/en\/news-en\/viterra-the-top-floor-of-olivia-prime-welcomed-a-new-tenant\/#article","isPartOf":{"@id":"https:\/\/www.oliviacentre.com\/en\/news-en\/viterra-the-top-floor-of-olivia-prime-welcomed-a-new-tenant\/"},"author":{"name":"Asia Lewicka","@id":"https:\/\/www.oliviacentre.com\/#\/schema\/person\/bd2ed6efd5bbc5684de717e0109d5a0c"},"headline":"Viterra \u2013 the top floor of Olivia Prime welcomed a new tenant","datePublished":"2024-10-03T09:21:25+00:00","mainEntityOfPage":{"@id":"https:\/\/www.oliviacentre.com\/en\/news-en\/viterra-the-top-floor-of-olivia-prime-welcomed-a-new-tenant\/"},"wordCount":949,"image":{"@id":"https:\/\/www.oliviacentre.com\/en\/news-en\/viterra-the-top-floor-of-olivia-prime-welcomed-a-new-tenant\/#primaryimage"},"thumbnailUrl":"https:\/\/www.oliviacentre.com\/wp-content\/uploads\/2024\/10\/viterra.png","articleSection":{"1":"I'm a resident","2":"News"},"inLanguage":"en-US"},{"@type":"WebPage","@id":"https:\/\/www.oliviacentre.com\/en\/news-en\/viterra-the-top-floor-of-olivia-prime-welcomed-a-new-tenant\/","url":"https:\/\/www.oliviacentre.com\/en\/news-en\/viterra-the-top-floor-of-olivia-prime-welcomed-a-new-tenant\/","name":"Viterra \u2013 the top floor of Olivia Prime welcomed a new tenant - Olivia Centre","isPartOf":{"@id":"https:\/\/www.oliviacentre.com\/#website"},"primaryImageOfPage":{"@id":"https:\/\/www.oliviacentre.com\/en\/news-en\/viterra-the-top-floor-of-olivia-prime-welcomed-a-new-tenant\/#primaryimage"},"image":{"@id":"https:\/\/www.oliviacentre.com\/en\/news-en\/viterra-the-top-floor-of-olivia-prime-welcomed-a-new-tenant\/#primaryimage"},"thumbnailUrl":"https:\/\/www.oliviacentre.com\/wp-content\/uploads\/2024\/10\/viterra.png","datePublished":"2024-10-03T09:21:25+00:00","author":{"@id":"https:\/\/www.oliviacentre.com\/#\/schema\/person\/bd2ed6efd5bbc5684de717e0109d5a0c"},"breadcrumb":{"@id":"https:\/\/www.oliviacentre.com\/en\/news-en\/viterra-the-top-floor-of-olivia-prime-welcomed-a-new-tenant\/#breadcrumb"},"inLanguage":"en-US","potentialAction":[{"@type":"ReadAction","target":["https:\/\/www.oliviacentre.com\/en\/news-en\/viterra-the-top-floor-of-olivia-prime-welcomed-a-new-tenant\/"]}]},{"@type":"ImageObject","inLanguage":"en-US","@id":"https:\/\/www.oliviacentre.com\/en\/news-en\/viterra-the-top-floor-of-olivia-prime-welcomed-a-new-tenant\/#primaryimage","url":"https:\/\/www.oliviacentre.com\/wp-content\/uploads\/2024\/10\/viterra.png","contentUrl":"https:\/\/www.oliviacentre.com\/wp-content\/uploads\/2024\/10\/viterra.png","width":2048,"height":605},{"@type":"BreadcrumbList","@id":"https:\/\/www.oliviacentre.com\/en\/news-en\/viterra-the-top-floor-of-olivia-prime-welcomed-a-new-tenant\/#breadcrumb","itemListElement":[{"@type":"ListItem","position":1,"name":"Strona g\u0142\u00f3wna","item":"https:\/\/www.oliviacentre.com\/en\/"},{"@type":"ListItem","position":2,"name":"Viterra \u2013 the top floor of Olivia Prime welcomed a new tenant"}]},{"@type":"WebSite","@id":"https:\/\/www.oliviacentre.com\/#website","url":"https:\/\/www.oliviacentre.com\/","name":"Olivia Centre","description":"wi\u0119cej ni\u017c biznes","potentialAction":[{"@type":"SearchAction","target":{"@type":"EntryPoint","urlTemplate":"https:\/\/www.oliviacentre.com\/?s={search_term_string}"},"query-input":{"@type":"PropertyValueSpecification","valueRequired":true,"valueName":"search_term_string"}}],"inLanguage":"en-US"},{"@type":"Person","@id":"https:\/\/www.oliviacentre.com\/#\/schema\/person\/bd2ed6efd5bbc5684de717e0109d5a0c","name":"Asia Lewicka","image":{"@type":"ImageObject","inLanguage":"en-US","@id":"https:\/\/secure.gravatar.com\/avatar\/88d34aafa0c4dea829fffc8354fed1e5ff49a22644341f3b812e3b1958bf3333?s=96&d=mm&r=g","url":"https:\/\/secure.gravatar.com\/avatar\/88d34aafa0c4dea829fffc8354fed1e5ff49a22644341f3b812e3b1958bf3333?s=96&d=mm&r=g","contentUrl":"https:\/\/secure.gravatar.com\/avatar\/88d34aafa0c4dea829fffc8354fed1e5ff49a22644341f3b812e3b1958bf3333?s=96&d=mm&r=g","caption":"Asia Lewicka"},"sameAs":["https:\/\/www.oliviacentre.com\/"],"url":"https:\/\/www.oliviacentre.com\/en\/author\/asial\/"}]}},"_links":{"self":[{"href":"https:\/\/www.oliviacentre.com\/en\/wp-json\/wp\/v2\/posts\/187719","targetHints":{"allow":["GET"]}}],"collection":[{"href":"https:\/\/www.oliviacentre.com\/en\/wp-json\/wp\/v2\/posts"}],"about":[{"href":"https:\/\/www.oliviacentre.com\/en\/wp-json\/wp\/v2\/types\/post"}],"author":[{"embeddable":true,"href":"https:\/\/www.oliviacentre.com\/en\/wp-json\/wp\/v2\/users\/27"}],"replies":[{"embeddable":true,"href":"https:\/\/www.oliviacentre.com\/en\/wp-json\/wp\/v2\/comments?post=187719"}],"version-history":[{"count":0,"href":"https:\/\/www.oliviacentre.com\/en\/wp-json\/wp\/v2\/posts\/187719\/revisions"}],"wp:featuredmedia":[{"embeddable":true,"href":"https:\/\/www.oliviacentre.com\/en\/wp-json\/wp\/v2\/media\/187691"}],"wp:attachment":[{"href":"https:\/\/www.oliviacentre.com\/en\/wp-json\/wp\/v2\/media?parent=187719"}],"wp:term":[{"taxonomy":"category","embeddable":true,"href":"https:\/\/www.oliviacentre.com\/en\/wp-json\/wp\/v2\/categories?post=187719"},{"taxonomy":"post_tag","embeddable":true,"href":"https:\/\/www.oliviacentre.com\/en\/wp-json\/wp\/v2\/tags?post=187719"},{"taxonomy":"post_folder","embeddable":true,"href":"https:\/\/www.oliviacentre.com\/en\/wp-json\/wp\/v2\/post_folder?post=187719"}],"curies":[{"name":"wp","href":"https:\/\/api.w.org\/{rel}","templated":true}]}}