{"id":170499,"date":"2023-11-24T17:36:42","date_gmt":"2023-11-24T16:36:42","guid":{"rendered":"https:\/\/www.oliviacentre.com\/uncategorized\/another-concert-in-the-olivia-camerata-cycle\/"},"modified":"2023-11-24T17:36:42","modified_gmt":"2023-11-24T16:36:42","slug":"another-concert-in-the-olivia-camerata-cycle","status":"publish","type":"post","link":"https:\/\/www.oliviacentre.com\/en\/uncategorized\/another-concert-in-the-olivia-camerata-cycle\/","title":{"rendered":"Another concert in the Olivia Camerata cycle"},"content":{"rendered":"<p style=\"text-align: justify;\"><strong>We invite you to the Olivia Camerata 9 concert to be held on 11 February (Saturday) at 5 p.m. in the Olivia Sky Club (Olivia Tower building, 12th floor). The following clarinettists will perform: Grzegorz Wieczorek and Dawid G\u0142owacki and Alicja Wieczorek, a pianist. There will be temperamental and witty clarinet solo, a duet and a tercet, accompanied by a piano. A young talent will be presented &#8211; Aleksandra Wasilewska, a clarinet student in Prof. G. Wieczorek&#8217;s class at the Secondary Music School in Gda\u0144sk-Wrzeszcz.<\/strong> <strong>Entry is free, registration at the event in the basis of an ID document.<\/strong><\/p>\n<p style=\"text-align: justify;\">\n<p style=\"text-align: justify;\"><u>Music by the following composers will be played:<\/u><\/p>\n<ul style=\"text-align: justify;\">\n<li>Malcolm Arnold \u2013 Sonatina for clarinet and piano<\/li>\n<li>Charles-Marie Widor &#8211; Introduction et Rondo  <\/li>\n<li>B\u00e9la Kov\u00e1cs &#8211; Hommage \u00e0 Manuel de Falla<\/li>\n<li>Leo Weiner as Peregi Verbunk<\/li>\n<li>B\u00e9la Kov\u00e1cs &#8211; Hommage \u00e0 J.S.Bach<\/li>\n<li>Eug\u00e8ne Bozza as Claribel<\/li>\n<li>Olivier Messiaen as Abime des Oiseaux<\/li>\n<li>Leo Weiner as Kek Tetel<\/li>\n<li>Benny Goodman &#8211; Salto for three clarinets<\/li>\n<\/ul>\n<p style=\"text-align: justify;\"><strong> <\/strong><\/p>\n<p style=\"text-align: justify;\"><strong><img loading=\"lazy\" decoding=\"async\" class=\" wp-image-4670 alignleft\" src=\"https:\/\/www.oliviacentre.com\/wp-content\/uploads\/2021\/12\/Alicja_Wieczorek-2.jpg\" alt=\"\" width=\"193\" height=\"290\">Alicja Wieczorek<\/strong><\/p>\n<p style=\"text-align: justify;\">In 2000 she graduated in Prof. Zbigniew \u015aliwi\u0144ski&#8217;s piano class at the Academy of Music in Gda\u0144sk. In the same year, she started work as an accompanist in the Instrumental Faculty at the Academy. She owes her skills in chamber music largely to her work in chamber ensembles run by Prof. Anna Prabucka. As a high school student, she was awarded the second prize in the National Chamber Orchestra Pianist Competition in Cz\u0119stochowa and in 1993 she received numerous distinctions for accompaniment at the following concerts: Wiktor Gadzi\u0144ski National Double Bass Competition in Katowice (2006), 32nd Young Musician Competition in Szczecinek, 1st Meeting of Young Wind Players in Elbl\u0105g,  National Wind Instrument Competition  <em>Miniature 2011<\/em>, twice at the Double Bass Competition in Starogard Gda\u0144ski (2010, 2012), 2nd W\u0142oc\u0142awek Violin Meetings (2011), National CEA Auditions of Secondary Music School Students in Violin and Viola classes in Kielce (2013), 6th West Pomeranian Clarinet Festival in Szczecin (2014), 16th Academic Clarinet Competition in W\u0142oszakowice (2015), National Viola and Double Bass Competition in Gda\u0144sk (2016),  National CEA Clarinet Competition in Katowice (2016). She acted as an accompanist at multiple competitions and workshops held in the Tricity by such artists as: Jean-Marc Fessard, Antonio Saiote, Nicolas Baldeyrou, Andrew Marriner, Wolfgang Meyer and others, as well as during three editions of International Wind Instrument Workshops in Szczecinek (2008, 2009 and 2010). She also works as a teacher in the Music School Complex in Gda\u0144sk-Wrzeszcz. She often performs in a duet with her husband, Grzegorz Wieczorek \u2013 a clarinettist.<\/p>\n<p style=\"text-align: justify;\">\n<p style=\"text-align: justify;\"><strong><img loading=\"lazy\" decoding=\"async\" class=\" wp-image-4671 alignleft\" src=\"https:\/\/www.oliviacentre.com\/wp-content\/uploads\/2021\/12\/Grzegorz_Wieczorek-2.jpg\" alt=\"\" width=\"307\" height=\"204\">Grzegorz Wieczorek<\/strong><\/p>\n<p style=\"text-align: justify;\">Born in 1974. He completed Secondary Music School in Gda\u0144sk-Wrzeszcz in Prof. Andrzej Pietras&#8217; clarinet class. In 1996 he started studies at the Academy of Music in Gda\u0144sk in the same teacher&#8217;s class. After Prof. Andrzej Pietras&#8217; decease, he continued his studies under Prof. Marek Schiller and in his class he graduated with distinction in 2001. He is a winner of numerous prizes and honourable mentions. In 2000 he received a Scholarship of the Mayor of the City of Gda\u0144sk and a year later he was awarded the second prize in the <em>Best Tricity Student <\/em>category, in the competition for the &#8220;Red Rose&#8221; Prize. He developed his skills during courses, working under the direction of such artists as: Andrzej Janicki, Mieczys\u0142aw Stachura, Philippe Cuper, Wolfgang Meyer, Jean-Marc Fessard, Antonio Saiote, David Campbell.<\/p>\n<p style=\"text-align: justify;\">Grzegorz Wieczorek is the Principal Clarinettist of the Baltic Opera orchestra; many times he participated in tours abroad (Germany, the Netherlands, Denmark, Luxembourg, Estonia). As a musician of the orchestra he participated many times in opera festivals in Bydgoszcz, Pozna\u0144 as well as in the opera festival in Szeged, Hungary, organised and broadcast by the French television Mezzo. Grzegorz Wieczorek collaborates with the Wojciech Rajski Polish Chamber Philharmonic. He has given concerts as a soloist with the Academic Symphony Orchestra and Pozna\u0144 Chamber Orchestra. As a chamber musician, he works with the clarinet quarter &#8220;Hevelius&#8221;, Gda\u0144sk Wind Instrument Ensemble and the Mozart Basethorn Ensemble. Since 2001 employed in the Academy of Music in Gda\u0144sk; in the academic year 2011\/2012 he was nominated assistant professor at the Academy.<\/p>\n<p style=\"text-align: justify;\">\n<p style=\"text-align: justify;\"><strong><img loading=\"lazy\" decoding=\"async\" class=\" wp-image-4672 alignleft\" src=\"https:\/\/www.oliviacentre.com\/wp-content\/uploads\/2021\/12\/Dawid-Glowacki-2.jpg\" alt=\"\" width=\"295\" height=\"295\">Dawid G\u0142owacki<\/strong>                                                                            <\/p>\n<p style=\"text-align: justify;\">First year doctoral student at the Academy of Music in Gda\u0144sk. He graduated with distinction in 2016 in Dr. Grzegorz Wieczorek&#8217;s class. Participant in numerous national and international competitions. Winner of the first prize at the 12th International Independent Music Competition &#8220;Individualis&#8221; in Kyiv, Ukraine (November 2014). Winner of the first prize in the eMuse Music Competition in Athens, Greece (April 2016). Winner of the second prize at the 6th International Music Competition, Stockholm, Sweden (June 2016). Winner of numerous distinctions at national competitions. Along with the clarinet quarter with which he has been working since 2011, he was the winner of many prizes, including: second prize at the 6th International Music Competition, Stockholm, Sweden (June 2016), third prize (twice) at the 6th and 7th West Pomeranian Clarinet Competition (national and international coverage). He collaborated with many conductors, e.g. Sigiswald Kuijken, Zygmunt Rychert, Wojciech Michniewski, Kai Bumann, Pawe\u0142 Kotla, Adam Sztaba. He participated in many workshops conducted by: Prof. Mieczys\u0142aw Stachura; Prof. Florent Heau, Prof. Jean-Marc Fessard (France); Antonio Saiote (Portugal); Gabor Varga (Hungary); Mark van de Wiel (England); Hannah Morgan, Andrew Marriner (England); Dr. John Jacob Bokun; Igor Frantisak (Czech Republic).<\/p>\n<p style=\"text-align: justify;\">\n<p style=\"text-align: justify;\"><strong><img loading=\"lazy\" decoding=\"async\" class=\" wp-image-4673 alignleft\" src=\"https:\/\/www.oliviacentre.com\/wp-content\/uploads\/2021\/12\/Aleksandra-Wasilewska-2.jpg\" alt=\"\" width=\"202\" height=\"286\">Aleksandra Wasilewska<\/strong><\/p>\n<p style=\"text-align: justify;\">Graduate in Katarzyna Rywalska&#8217;s clarinet class &#8211; the teacher in the Zygmunt Noskowski&#8217;s Primary and Secondary Music School in Gdynia. Winner of many national and regional competitions, e.g.: second position in National CEA Auditions, second position in the National Clarinet Festival in Szczecin, second position in the Pozna\u0144 Wind Instrument Competition. Now she studies in the Fryderyk Chopin Secondary Music School in Gda\u0144sk Wrzeszcz in Dr. Grzegorz Wieczorek&#8217;s class.<\/p>\n","protected":false},"excerpt":{"rendered":"<p>We invite you to the Olivia Camerata 9 concert to be held on 11 February (Saturday) at 5 p.m. in the Olivia Sky Club (Olivia Tower building, 12th floor). The following clarinettists will perform: Grzegorz Wieczorek and Dawid G\u0142owacki and Alicja Wieczorek, a pianist. There will be temperamental and witty clarinet solo, a duet and [&hellip;]<\/p>\n","protected":false},"author":1,"featured_media":10193,"comment_status":"open","ping_status":"open","sticky":false,"template":"","format":"standard","meta":{"_acf_changed":false,"kk_blocks_editor_width":"","_kiokenblocks_attr":"","_kiokenblocks_dimensions":"","footnotes":"","_links_to":"","_links_to_target":""},"categories":[19,291],"tags":[],"post_folder":[],"class_list":["post-170499","post","type-post","status-publish","format-standard","has-post-thumbnail","hentry","category-uncategorized","category-im-a-resident"],"acf":[],"yoast_head":"<!-- This site is optimized with the Yoast SEO plugin v27.5 - https:\/\/yoast.com\/product\/yoast-seo-wordpress\/ -->\n<title>Another concert in the Olivia Camerata cycle - Olivia Centre<\/title>\n<meta name=\"robots\" content=\"index, follow, max-snippet:-1, max-image-preview:large, max-video-preview:-1\" \/>\n<link rel=\"canonical\" href=\"https:\/\/www.oliviacentre.com\/en\/uncategorized\/another-concert-in-the-olivia-camerata-cycle\/\" \/>\n<meta property=\"og:locale\" content=\"en_US\" \/>\n<meta property=\"og:type\" content=\"article\" \/>\n<meta property=\"og:title\" content=\"Another concert in the Olivia Camerata cycle - Olivia Centre\" \/>\n<meta property=\"og:description\" content=\"We invite you to the Olivia Camerata 9 concert to be held on 11 February (Saturday) at 5 p.m. in the Olivia Sky Club (Olivia Tower building, 12th floor). The following clarinettists will perform: Grzegorz Wieczorek and Dawid G\u0142owacki and Alicja Wieczorek, a pianist. There will be temperamental and witty clarinet solo, a duet and [&hellip;]\" \/>\n<meta property=\"og:url\" content=\"https:\/\/www.oliviacentre.com\/en\/uncategorized\/another-concert-in-the-olivia-camerata-cycle\/\" \/>\n<meta property=\"og:site_name\" content=\"Olivia Centre\" \/>\n<meta property=\"article:publisher\" content=\"https:\/\/www.facebook.com\/oliviabusinesscentre\/\" \/>\n<meta property=\"article:published_time\" content=\"2023-11-24T16:36:42+00:00\" \/>\n<meta property=\"og:image\" content=\"https:\/\/www.oliviacentre.com\/wp-content\/uploads\/2021\/12\/camerata-1-1.png\" \/>\n\t<meta property=\"og:image:width\" content=\"552\" \/>\n\t<meta property=\"og:image:height\" content=\"248\" \/>\n\t<meta property=\"og:image:type\" content=\"image\/png\" \/>\n<meta name=\"author\" content=\"obc_adm\" \/>\n<meta name=\"twitter:card\" content=\"summary_large_image\" \/>\n<meta name=\"twitter:creator\" content=\"@oliviabusiness\" \/>\n<meta name=\"twitter:site\" content=\"@oliviabusiness\" \/>\n<meta name=\"twitter:label1\" content=\"Written by\" \/>\n\t<meta name=\"twitter:data1\" content=\"obc_adm\" \/>\n\t<meta name=\"twitter:label2\" content=\"Est. reading time\" \/>\n\t<meta name=\"twitter:data2\" content=\"5 minutes\" \/>\n<script type=\"application\/ld+json\" class=\"yoast-schema-graph\">{\"@context\":\"https:\\\/\\\/schema.org\",\"@graph\":[{\"@type\":\"Article\",\"@id\":\"https:\\\/\\\/www.oliviacentre.com\\\/en\\\/uncategorized\\\/another-concert-in-the-olivia-camerata-cycle\\\/#article\",\"isPartOf\":{\"@id\":\"https:\\\/\\\/www.oliviacentre.com\\\/en\\\/uncategorized\\\/another-concert-in-the-olivia-camerata-cycle\\\/\"},\"author\":{\"name\":\"obc_adm\",\"@id\":\"https:\\\/\\\/www.oliviacentre.com\\\/#\\\/schema\\\/person\\\/4e3fd1f23e5e92f626d94d9a6079c118\"},\"headline\":\"Another concert in the Olivia Camerata cycle\",\"datePublished\":\"2023-11-24T16:36:42+00:00\",\"mainEntityOfPage\":{\"@id\":\"https:\\\/\\\/www.oliviacentre.com\\\/en\\\/uncategorized\\\/another-concert-in-the-olivia-camerata-cycle\\\/\"},\"wordCount\":955,\"commentCount\":0,\"image\":{\"@id\":\"https:\\\/\\\/www.oliviacentre.com\\\/en\\\/uncategorized\\\/another-concert-in-the-olivia-camerata-cycle\\\/#primaryimage\"},\"thumbnailUrl\":\"https:\\\/\\\/www.oliviacentre.com\\\/wp-content\\\/uploads\\\/2021\\\/12\\\/camerata-1-1.png\",\"articleSection\":{\"1\":\"I'm a resident\"},\"inLanguage\":\"en-US\"},{\"@type\":\"WebPage\",\"@id\":\"https:\\\/\\\/www.oliviacentre.com\\\/en\\\/uncategorized\\\/another-concert-in-the-olivia-camerata-cycle\\\/\",\"url\":\"https:\\\/\\\/www.oliviacentre.com\\\/en\\\/uncategorized\\\/another-concert-in-the-olivia-camerata-cycle\\\/\",\"name\":\"Another concert in the Olivia Camerata cycle - Olivia Centre\",\"isPartOf\":{\"@id\":\"https:\\\/\\\/www.oliviacentre.com\\\/#website\"},\"primaryImageOfPage\":{\"@id\":\"https:\\\/\\\/www.oliviacentre.com\\\/en\\\/uncategorized\\\/another-concert-in-the-olivia-camerata-cycle\\\/#primaryimage\"},\"image\":{\"@id\":\"https:\\\/\\\/www.oliviacentre.com\\\/en\\\/uncategorized\\\/another-concert-in-the-olivia-camerata-cycle\\\/#primaryimage\"},\"thumbnailUrl\":\"https:\\\/\\\/www.oliviacentre.com\\\/wp-content\\\/uploads\\\/2021\\\/12\\\/camerata-1-1.png\",\"datePublished\":\"2023-11-24T16:36:42+00:00\",\"author\":{\"@id\":\"https:\\\/\\\/www.oliviacentre.com\\\/#\\\/schema\\\/person\\\/4e3fd1f23e5e92f626d94d9a6079c118\"},\"breadcrumb\":{\"@id\":\"https:\\\/\\\/www.oliviacentre.com\\\/en\\\/uncategorized\\\/another-concert-in-the-olivia-camerata-cycle\\\/#breadcrumb\"},\"inLanguage\":\"en-US\",\"potentialAction\":[{\"@type\":\"ReadAction\",\"target\":[\"https:\\\/\\\/www.oliviacentre.com\\\/en\\\/uncategorized\\\/another-concert-in-the-olivia-camerata-cycle\\\/\"]}]},{\"@type\":\"ImageObject\",\"inLanguage\":\"en-US\",\"@id\":\"https:\\\/\\\/www.oliviacentre.com\\\/en\\\/uncategorized\\\/another-concert-in-the-olivia-camerata-cycle\\\/#primaryimage\",\"url\":\"https:\\\/\\\/www.oliviacentre.com\\\/wp-content\\\/uploads\\\/2021\\\/12\\\/camerata-1-1.png\",\"contentUrl\":\"https:\\\/\\\/www.oliviacentre.com\\\/wp-content\\\/uploads\\\/2021\\\/12\\\/camerata-1-1.png\",\"width\":552,\"height\":248},{\"@type\":\"BreadcrumbList\",\"@id\":\"https:\\\/\\\/www.oliviacentre.com\\\/en\\\/uncategorized\\\/another-concert-in-the-olivia-camerata-cycle\\\/#breadcrumb\",\"itemListElement\":[{\"@type\":\"ListItem\",\"position\":1,\"name\":\"Strona g\u0142\u00f3wna\",\"item\":\"https:\\\/\\\/www.oliviacentre.com\\\/en\\\/\"},{\"@type\":\"ListItem\",\"position\":2,\"name\":\"Another concert in the Olivia Camerata cycle\"}]},{\"@type\":\"WebSite\",\"@id\":\"https:\\\/\\\/www.oliviacentre.com\\\/#website\",\"url\":\"https:\\\/\\\/www.oliviacentre.com\\\/\",\"name\":\"Olivia Centre\",\"description\":\"wi\u0119cej ni\u017c biznes\",\"potentialAction\":[{\"@type\":\"SearchAction\",\"target\":{\"@type\":\"EntryPoint\",\"urlTemplate\":\"https:\\\/\\\/www.oliviacentre.com\\\/?s={search_term_string}\"},\"query-input\":{\"@type\":\"PropertyValueSpecification\",\"valueRequired\":true,\"valueName\":\"search_term_string\"}}],\"inLanguage\":\"en-US\"},{\"@type\":\"Person\",\"@id\":\"https:\\\/\\\/www.oliviacentre.com\\\/#\\\/schema\\\/person\\\/4e3fd1f23e5e92f626d94d9a6079c118\",\"name\":\"obc_adm\",\"image\":{\"@type\":\"ImageObject\",\"inLanguage\":\"en-US\",\"@id\":\"https:\\\/\\\/secure.gravatar.com\\\/avatar\\\/6ed35b4db73d230af6821e3a3376266efeac586aaa58d4f283e31348a3f95a3d?s=96&d=mm&r=g\",\"url\":\"https:\\\/\\\/secure.gravatar.com\\\/avatar\\\/6ed35b4db73d230af6821e3a3376266efeac586aaa58d4f283e31348a3f95a3d?s=96&d=mm&r=g\",\"contentUrl\":\"https:\\\/\\\/secure.gravatar.com\\\/avatar\\\/6ed35b4db73d230af6821e3a3376266efeac586aaa58d4f283e31348a3f95a3d?s=96&d=mm&r=g\",\"caption\":\"obc_adm\"},\"sameAs\":[\"http:\\\/\\\/www.oliviacentre.com\"],\"url\":\"https:\\\/\\\/www.oliviacentre.com\\\/en\\\/author\\\/obc_adm\\\/\"}]}<\/script>\n<!-- \/ Yoast SEO plugin. -->","yoast_head_json":{"title":"Another concert in the Olivia Camerata cycle - Olivia Centre","robots":{"index":"index","follow":"follow","max-snippet":"max-snippet:-1","max-image-preview":"max-image-preview:large","max-video-preview":"max-video-preview:-1"},"canonical":"https:\/\/www.oliviacentre.com\/en\/uncategorized\/another-concert-in-the-olivia-camerata-cycle\/","og_locale":"en_US","og_type":"article","og_title":"Another concert in the Olivia Camerata cycle - Olivia Centre","og_description":"We invite you to the Olivia Camerata 9 concert to be held on 11 February (Saturday) at 5 p.m. in the Olivia Sky Club (Olivia Tower building, 12th floor). The following clarinettists will perform: Grzegorz Wieczorek and Dawid G\u0142owacki and Alicja Wieczorek, a pianist. There will be temperamental and witty clarinet solo, a duet and [&hellip;]","og_url":"https:\/\/www.oliviacentre.com\/en\/uncategorized\/another-concert-in-the-olivia-camerata-cycle\/","og_site_name":"Olivia Centre","article_publisher":"https:\/\/www.facebook.com\/oliviabusinesscentre\/","article_published_time":"2023-11-24T16:36:42+00:00","og_image":[{"width":552,"height":248,"url":"https:\/\/www.oliviacentre.com\/wp-content\/uploads\/2021\/12\/camerata-1-1.png","type":"image\/png"}],"author":"obc_adm","twitter_card":"summary_large_image","twitter_creator":"@oliviabusiness","twitter_site":"@oliviabusiness","twitter_misc":{"Written by":"obc_adm","Est. reading time":"5 minutes"},"schema":{"@context":"https:\/\/schema.org","@graph":[{"@type":"Article","@id":"https:\/\/www.oliviacentre.com\/en\/uncategorized\/another-concert-in-the-olivia-camerata-cycle\/#article","isPartOf":{"@id":"https:\/\/www.oliviacentre.com\/en\/uncategorized\/another-concert-in-the-olivia-camerata-cycle\/"},"author":{"name":"obc_adm","@id":"https:\/\/www.oliviacentre.com\/#\/schema\/person\/4e3fd1f23e5e92f626d94d9a6079c118"},"headline":"Another concert in the Olivia Camerata cycle","datePublished":"2023-11-24T16:36:42+00:00","mainEntityOfPage":{"@id":"https:\/\/www.oliviacentre.com\/en\/uncategorized\/another-concert-in-the-olivia-camerata-cycle\/"},"wordCount":955,"commentCount":0,"image":{"@id":"https:\/\/www.oliviacentre.com\/en\/uncategorized\/another-concert-in-the-olivia-camerata-cycle\/#primaryimage"},"thumbnailUrl":"https:\/\/www.oliviacentre.com\/wp-content\/uploads\/2021\/12\/camerata-1-1.png","articleSection":{"1":"I'm a resident"},"inLanguage":"en-US"},{"@type":"WebPage","@id":"https:\/\/www.oliviacentre.com\/en\/uncategorized\/another-concert-in-the-olivia-camerata-cycle\/","url":"https:\/\/www.oliviacentre.com\/en\/uncategorized\/another-concert-in-the-olivia-camerata-cycle\/","name":"Another concert in the Olivia Camerata cycle - Olivia Centre","isPartOf":{"@id":"https:\/\/www.oliviacentre.com\/#website"},"primaryImageOfPage":{"@id":"https:\/\/www.oliviacentre.com\/en\/uncategorized\/another-concert-in-the-olivia-camerata-cycle\/#primaryimage"},"image":{"@id":"https:\/\/www.oliviacentre.com\/en\/uncategorized\/another-concert-in-the-olivia-camerata-cycle\/#primaryimage"},"thumbnailUrl":"https:\/\/www.oliviacentre.com\/wp-content\/uploads\/2021\/12\/camerata-1-1.png","datePublished":"2023-11-24T16:36:42+00:00","author":{"@id":"https:\/\/www.oliviacentre.com\/#\/schema\/person\/4e3fd1f23e5e92f626d94d9a6079c118"},"breadcrumb":{"@id":"https:\/\/www.oliviacentre.com\/en\/uncategorized\/another-concert-in-the-olivia-camerata-cycle\/#breadcrumb"},"inLanguage":"en-US","potentialAction":[{"@type":"ReadAction","target":["https:\/\/www.oliviacentre.com\/en\/uncategorized\/another-concert-in-the-olivia-camerata-cycle\/"]}]},{"@type":"ImageObject","inLanguage":"en-US","@id":"https:\/\/www.oliviacentre.com\/en\/uncategorized\/another-concert-in-the-olivia-camerata-cycle\/#primaryimage","url":"https:\/\/www.oliviacentre.com\/wp-content\/uploads\/2021\/12\/camerata-1-1.png","contentUrl":"https:\/\/www.oliviacentre.com\/wp-content\/uploads\/2021\/12\/camerata-1-1.png","width":552,"height":248},{"@type":"BreadcrumbList","@id":"https:\/\/www.oliviacentre.com\/en\/uncategorized\/another-concert-in-the-olivia-camerata-cycle\/#breadcrumb","itemListElement":[{"@type":"ListItem","position":1,"name":"Strona g\u0142\u00f3wna","item":"https:\/\/www.oliviacentre.com\/en\/"},{"@type":"ListItem","position":2,"name":"Another concert in the Olivia Camerata cycle"}]},{"@type":"WebSite","@id":"https:\/\/www.oliviacentre.com\/#website","url":"https:\/\/www.oliviacentre.com\/","name":"Olivia Centre","description":"wi\u0119cej ni\u017c biznes","potentialAction":[{"@type":"SearchAction","target":{"@type":"EntryPoint","urlTemplate":"https:\/\/www.oliviacentre.com\/?s={search_term_string}"},"query-input":{"@type":"PropertyValueSpecification","valueRequired":true,"valueName":"search_term_string"}}],"inLanguage":"en-US"},{"@type":"Person","@id":"https:\/\/www.oliviacentre.com\/#\/schema\/person\/4e3fd1f23e5e92f626d94d9a6079c118","name":"obc_adm","image":{"@type":"ImageObject","inLanguage":"en-US","@id":"https:\/\/secure.gravatar.com\/avatar\/6ed35b4db73d230af6821e3a3376266efeac586aaa58d4f283e31348a3f95a3d?s=96&d=mm&r=g","url":"https:\/\/secure.gravatar.com\/avatar\/6ed35b4db73d230af6821e3a3376266efeac586aaa58d4f283e31348a3f95a3d?s=96&d=mm&r=g","contentUrl":"https:\/\/secure.gravatar.com\/avatar\/6ed35b4db73d230af6821e3a3376266efeac586aaa58d4f283e31348a3f95a3d?s=96&d=mm&r=g","caption":"obc_adm"},"sameAs":["http:\/\/www.oliviacentre.com"],"url":"https:\/\/www.oliviacentre.com\/en\/author\/obc_adm\/"}]}},"_links":{"self":[{"href":"https:\/\/www.oliviacentre.com\/en\/wp-json\/wp\/v2\/posts\/170499","targetHints":{"allow":["GET"]}}],"collection":[{"href":"https:\/\/www.oliviacentre.com\/en\/wp-json\/wp\/v2\/posts"}],"about":[{"href":"https:\/\/www.oliviacentre.com\/en\/wp-json\/wp\/v2\/types\/post"}],"author":[{"embeddable":true,"href":"https:\/\/www.oliviacentre.com\/en\/wp-json\/wp\/v2\/users\/1"}],"replies":[{"embeddable":true,"href":"https:\/\/www.oliviacentre.com\/en\/wp-json\/wp\/v2\/comments?post=170499"}],"version-history":[{"count":0,"href":"https:\/\/www.oliviacentre.com\/en\/wp-json\/wp\/v2\/posts\/170499\/revisions"}],"wp:featuredmedia":[{"embeddable":true,"href":"https:\/\/www.oliviacentre.com\/en\/wp-json\/wp\/v2\/media\/10193"}],"wp:attachment":[{"href":"https:\/\/www.oliviacentre.com\/en\/wp-json\/wp\/v2\/media?parent=170499"}],"wp:term":[{"taxonomy":"category","embeddable":true,"href":"https:\/\/www.oliviacentre.com\/en\/wp-json\/wp\/v2\/categories?post=170499"},{"taxonomy":"post_tag","embeddable":true,"href":"https:\/\/www.oliviacentre.com\/en\/wp-json\/wp\/v2\/tags?post=170499"},{"taxonomy":"post_folder","embeddable":true,"href":"https:\/\/www.oliviacentre.com\/en\/wp-json\/wp\/v2\/post_folder?post=170499"}],"curies":[{"name":"wp","href":"https:\/\/api.w.org\/{rel}","templated":true}]}}