{"id":168981,"date":"2023-11-24T13:44:31","date_gmt":"2023-11-24T12:44:31","guid":{"rendered":"https:\/\/www.oliviacentre.com\/uncategorized\/lets-go-to-the-independence-parade-together\/"},"modified":"2023-11-24T13:44:31","modified_gmt":"2023-11-24T12:44:31","slug":"lets-go-to-the-independence-parade-together","status":"publish","type":"post","link":"https:\/\/www.oliviacentre.com\/en\/uncategorized\/lets-go-to-the-independence-parade-together\/","title":{"rendered":"Let&#8217;s go to the Independence Parade together!"},"content":{"rendered":"<p style=\"text-align: justify;\">Olivia Business Centre, as a partner of the <strong>15th Independence Parade<\/strong>, organised by the <strong>SUM Association<\/strong>, is pleased to invite <strong>all the inhabitants of Gda\u0144sk and, as in previous years, the Olivia Business Centre Community<\/strong> to participate in this unique event. We strongly encourage you to <strong>celebrate November 11 \u2013 the National<\/strong> <strong>Independence Day and participate in the &#8220;Let&#8217;s Go to the Parade&#8221; campaign.<\/strong><\/p>\n<p style=\"text-align: justify;\">All people who would like to set off <strong>together from Olivia<\/strong> for the <strong>Independence Parade as part of the &#8220;Let&#8217;s Go to the Parade&#8221; <\/strong>meet  <strong>November 11 at 8:30<\/strong> <strong>in front of the Olivia Tower building:)<\/strong> A <strong>special Olivia bus<\/strong> will be waiting for the whole family, which will take us to Podwale Staromiejskie, from where, traditionally, a colorful, joyful procession of participants of <strong>the Independence Parade<\/strong> will set off.<\/p>\n<p style=\"text-align: justify;\">Let&#8217;s take part in the action of Olivia and the Energa Group, which is the main partner of<strong> the &#8220;Let&#8217;s Go to the Parade&#8221; <\/strong>and celebrate the National Independence Day together, in an extraordinary atmosphere. At the same time, we remember all those to whom we owe our freedom. Thanks to it, we can study at our home universities, develop our own entrepreneurship and enjoy family life \u2013 in Poland.<\/p>\n<p style=\"text-align: justify;\"><strong>We also invite you to visit the Olivia Business Centre stand at the<\/strong> Jan Sobieski monument in Gda\u0144sk. You will be able to see us from afar:) You can buy there balloons, stickers, flags, umbrellas (if the weather doesn&#8217;t spoil us) and drink hot tea:)<\/p>\n<p style=\"text-align: justify;\"><a href=\"http:\/\/sumgdansk.pl\/parada\/\">Programme of the XV Independence Parade<\/a><\/p>\n<p style=\"text-align: justify;\"><strong>Co-organizer of the Parade:<\/strong> The City of Gdansk.<\/p>\n<p style=\"text-align: justify;\"><strong>Parade Partner:<\/strong> Olivia Business Centre<\/p>\n<p style=\"text-align: justify;\"><strong>Main partner of the &#8220;Let&#8217;s Go to the Parade&#8221; campaign:<\/strong> <a href=\"http:\/\/energa.pl\">Energa Group<\/a><\/p>\n<p style=\"text-align: justify;\">Media patronage of the Independence Parade: TVP 3 Gda\u0144sk, Radio Gda\u0144sk, Radio Plus, Dziennik Ba\u0142tycki, Gazeta Wyborcza, trojmiasto.pl, gdansk.pl.<\/p>\n<p style=\"text-align: center;\">\u2013\/\u2014<\/p>\n<h3>We will meet at Olivia Tower on November 11 at 8:30 a.m. and we go to the Independence Parade together:)<\/h3>\n<h3>If you would like to take a ride on Olivia&#8217;s bus, please register for the event:) <a href=\"http:\/\/www.oliviacentre.com\/events\/event\/pojdzmy-razem-na-parade-niepodleglosci\/\">HERE<\/a><\/h3>\n<h3>Thank you and see you soon!<\/h3>\n<p>&nbsp;<\/p>\n<p><img loading=\"lazy\" decoding=\"async\" class=\"aligncenter wp-image-7740 size-full\" src=\"https:\/\/www.oliviacentre.com\/wp-content\/uploads\/2021\/12\/logotyty_parada_small.jpg\" alt=\"\" width=\"853\" height=\"107\"><\/p>\n","protected":false},"excerpt":{"rendered":"<p>Olivia Business Centre, as a partner of the 15th Independence Parade, organised by the SUM Association, is pleased to invite all the inhabitants of Gda\u0144sk and, as in previous years, the Olivia Business Centre Community to participate in this unique event. We strongly encourage you to celebrate November 11 \u2013 the National Independence Day and [&hellip;]<\/p>\n","protected":false},"author":1,"featured_media":11794,"comment_status":"open","ping_status":"open","sticky":false,"template":"","format":"standard","meta":{"_acf_changed":false,"kk_blocks_editor_width":"","_kiokenblocks_attr":"","_kiokenblocks_dimensions":"","footnotes":"","_links_to":"","_links_to_target":""},"categories":[19,291],"tags":[],"post_folder":[],"class_list":["post-168981","post","type-post","status-publish","format-standard","has-post-thumbnail","hentry","category-uncategorized","category-im-a-resident"],"acf":[],"yoast_head":"<!-- This site is optimized with the Yoast SEO plugin v27.4 - https:\/\/yoast.com\/product\/yoast-seo-wordpress\/ -->\n<title>Let&#039;s go to the Independence Parade together! - Olivia Centre<\/title>\n<meta name=\"robots\" content=\"index, follow, max-snippet:-1, max-image-preview:large, max-video-preview:-1\" \/>\n<link rel=\"canonical\" href=\"https:\/\/www.oliviacentre.com\/en\/uncategorized\/lets-go-to-the-independence-parade-together\/\" \/>\n<meta property=\"og:locale\" content=\"en_US\" \/>\n<meta property=\"og:type\" content=\"article\" \/>\n<meta property=\"og:title\" content=\"Let&#039;s go to the Independence Parade together! - Olivia Centre\" \/>\n<meta property=\"og:description\" content=\"Olivia Business Centre, as a partner of the 15th Independence Parade, organised by the SUM Association, is pleased to invite all the inhabitants of Gda\u0144sk and, as in previous years, the Olivia Business Centre Community to participate in this unique event. We strongly encourage you to celebrate November 11 \u2013 the National Independence Day and [&hellip;]\" \/>\n<meta property=\"og:url\" content=\"https:\/\/www.oliviacentre.com\/en\/uncategorized\/lets-go-to-the-independence-parade-together\/\" \/>\n<meta property=\"og:site_name\" content=\"Olivia Centre\" \/>\n<meta property=\"article:publisher\" content=\"https:\/\/www.facebook.com\/oliviabusinesscentre\/\" \/>\n<meta property=\"article:published_time\" content=\"2023-11-24T12:44:31+00:00\" \/>\n<meta property=\"og:image\" content=\"https:\/\/www.oliviacentre.com\/wp-content\/uploads\/2021\/12\/PARADA_AKTUALNOSCI.png\" \/>\n\t<meta property=\"og:image:width\" content=\"970\" \/>\n\t<meta property=\"og:image:height\" content=\"360\" \/>\n\t<meta property=\"og:image:type\" content=\"image\/png\" \/>\n<meta name=\"author\" content=\"obc_adm\" \/>\n<meta name=\"twitter:card\" content=\"summary_large_image\" \/>\n<meta name=\"twitter:creator\" content=\"@oliviabusiness\" \/>\n<meta name=\"twitter:site\" content=\"@oliviabusiness\" \/>\n<meta name=\"twitter:label1\" content=\"Written by\" \/>\n\t<meta name=\"twitter:data1\" content=\"obc_adm\" \/>\n\t<meta name=\"twitter:label2\" content=\"Est. reading time\" \/>\n\t<meta name=\"twitter:data2\" content=\"2 minutes\" \/>\n<script type=\"application\/ld+json\" class=\"yoast-schema-graph\">{\"@context\":\"https:\\\/\\\/schema.org\",\"@graph\":[{\"@type\":\"Article\",\"@id\":\"https:\\\/\\\/www.oliviacentre.com\\\/en\\\/uncategorized\\\/lets-go-to-the-independence-parade-together\\\/#article\",\"isPartOf\":{\"@id\":\"https:\\\/\\\/www.oliviacentre.com\\\/en\\\/uncategorized\\\/lets-go-to-the-independence-parade-together\\\/\"},\"author\":{\"name\":\"obc_adm\",\"@id\":\"https:\\\/\\\/www.oliviacentre.com\\\/#\\\/schema\\\/person\\\/4e3fd1f23e5e92f626d94d9a6079c118\"},\"headline\":\"Let&#8217;s go to the Independence Parade together!\",\"datePublished\":\"2023-11-24T12:44:31+00:00\",\"mainEntityOfPage\":{\"@id\":\"https:\\\/\\\/www.oliviacentre.com\\\/en\\\/uncategorized\\\/lets-go-to-the-independence-parade-together\\\/\"},\"wordCount\":358,\"commentCount\":0,\"image\":{\"@id\":\"https:\\\/\\\/www.oliviacentre.com\\\/en\\\/uncategorized\\\/lets-go-to-the-independence-parade-together\\\/#primaryimage\"},\"thumbnailUrl\":\"https:\\\/\\\/www.oliviacentre.com\\\/wp-content\\\/uploads\\\/2021\\\/12\\\/PARADA_AKTUALNOSCI.png\",\"articleSection\":{\"1\":\"I'm a resident\"},\"inLanguage\":\"en-US\"},{\"@type\":\"WebPage\",\"@id\":\"https:\\\/\\\/www.oliviacentre.com\\\/en\\\/uncategorized\\\/lets-go-to-the-independence-parade-together\\\/\",\"url\":\"https:\\\/\\\/www.oliviacentre.com\\\/en\\\/uncategorized\\\/lets-go-to-the-independence-parade-together\\\/\",\"name\":\"Let's go to the Independence Parade together! - Olivia Centre\",\"isPartOf\":{\"@id\":\"https:\\\/\\\/www.oliviacentre.com\\\/#website\"},\"primaryImageOfPage\":{\"@id\":\"https:\\\/\\\/www.oliviacentre.com\\\/en\\\/uncategorized\\\/lets-go-to-the-independence-parade-together\\\/#primaryimage\"},\"image\":{\"@id\":\"https:\\\/\\\/www.oliviacentre.com\\\/en\\\/uncategorized\\\/lets-go-to-the-independence-parade-together\\\/#primaryimage\"},\"thumbnailUrl\":\"https:\\\/\\\/www.oliviacentre.com\\\/wp-content\\\/uploads\\\/2021\\\/12\\\/PARADA_AKTUALNOSCI.png\",\"datePublished\":\"2023-11-24T12:44:31+00:00\",\"author\":{\"@id\":\"https:\\\/\\\/www.oliviacentre.com\\\/#\\\/schema\\\/person\\\/4e3fd1f23e5e92f626d94d9a6079c118\"},\"breadcrumb\":{\"@id\":\"https:\\\/\\\/www.oliviacentre.com\\\/en\\\/uncategorized\\\/lets-go-to-the-independence-parade-together\\\/#breadcrumb\"},\"inLanguage\":\"en-US\",\"potentialAction\":[{\"@type\":\"ReadAction\",\"target\":[\"https:\\\/\\\/www.oliviacentre.com\\\/en\\\/uncategorized\\\/lets-go-to-the-independence-parade-together\\\/\"]}]},{\"@type\":\"ImageObject\",\"inLanguage\":\"en-US\",\"@id\":\"https:\\\/\\\/www.oliviacentre.com\\\/en\\\/uncategorized\\\/lets-go-to-the-independence-parade-together\\\/#primaryimage\",\"url\":\"https:\\\/\\\/www.oliviacentre.com\\\/wp-content\\\/uploads\\\/2021\\\/12\\\/PARADA_AKTUALNOSCI.png\",\"contentUrl\":\"https:\\\/\\\/www.oliviacentre.com\\\/wp-content\\\/uploads\\\/2021\\\/12\\\/PARADA_AKTUALNOSCI.png\",\"width\":970,\"height\":360},{\"@type\":\"BreadcrumbList\",\"@id\":\"https:\\\/\\\/www.oliviacentre.com\\\/en\\\/uncategorized\\\/lets-go-to-the-independence-parade-together\\\/#breadcrumb\",\"itemListElement\":[{\"@type\":\"ListItem\",\"position\":1,\"name\":\"Strona g\u0142\u00f3wna\",\"item\":\"https:\\\/\\\/www.oliviacentre.com\\\/en\\\/\"},{\"@type\":\"ListItem\",\"position\":2,\"name\":\"Let&#8217;s go to the Independence Parade together!\"}]},{\"@type\":\"WebSite\",\"@id\":\"https:\\\/\\\/www.oliviacentre.com\\\/#website\",\"url\":\"https:\\\/\\\/www.oliviacentre.com\\\/\",\"name\":\"Olivia Centre\",\"description\":\"wi\u0119cej ni\u017c biznes\",\"potentialAction\":[{\"@type\":\"SearchAction\",\"target\":{\"@type\":\"EntryPoint\",\"urlTemplate\":\"https:\\\/\\\/www.oliviacentre.com\\\/?s={search_term_string}\"},\"query-input\":{\"@type\":\"PropertyValueSpecification\",\"valueRequired\":true,\"valueName\":\"search_term_string\"}}],\"inLanguage\":\"en-US\"},{\"@type\":\"Person\",\"@id\":\"https:\\\/\\\/www.oliviacentre.com\\\/#\\\/schema\\\/person\\\/4e3fd1f23e5e92f626d94d9a6079c118\",\"name\":\"obc_adm\",\"image\":{\"@type\":\"ImageObject\",\"inLanguage\":\"en-US\",\"@id\":\"https:\\\/\\\/secure.gravatar.com\\\/avatar\\\/6ed35b4db73d230af6821e3a3376266efeac586aaa58d4f283e31348a3f95a3d?s=96&d=mm&r=g\",\"url\":\"https:\\\/\\\/secure.gravatar.com\\\/avatar\\\/6ed35b4db73d230af6821e3a3376266efeac586aaa58d4f283e31348a3f95a3d?s=96&d=mm&r=g\",\"contentUrl\":\"https:\\\/\\\/secure.gravatar.com\\\/avatar\\\/6ed35b4db73d230af6821e3a3376266efeac586aaa58d4f283e31348a3f95a3d?s=96&d=mm&r=g\",\"caption\":\"obc_adm\"},\"sameAs\":[\"http:\\\/\\\/www.oliviacentre.com\"],\"url\":\"https:\\\/\\\/www.oliviacentre.com\\\/en\\\/author\\\/obc_adm\\\/\"}]}<\/script>\n<!-- \/ Yoast SEO plugin. -->","yoast_head_json":{"title":"Let's go to the Independence Parade together! - Olivia Centre","robots":{"index":"index","follow":"follow","max-snippet":"max-snippet:-1","max-image-preview":"max-image-preview:large","max-video-preview":"max-video-preview:-1"},"canonical":"https:\/\/www.oliviacentre.com\/en\/uncategorized\/lets-go-to-the-independence-parade-together\/","og_locale":"en_US","og_type":"article","og_title":"Let's go to the Independence Parade together! - Olivia Centre","og_description":"Olivia Business Centre, as a partner of the 15th Independence Parade, organised by the SUM Association, is pleased to invite all the inhabitants of Gda\u0144sk and, as in previous years, the Olivia Business Centre Community to participate in this unique event. We strongly encourage you to celebrate November 11 \u2013 the National Independence Day and [&hellip;]","og_url":"https:\/\/www.oliviacentre.com\/en\/uncategorized\/lets-go-to-the-independence-parade-together\/","og_site_name":"Olivia Centre","article_publisher":"https:\/\/www.facebook.com\/oliviabusinesscentre\/","article_published_time":"2023-11-24T12:44:31+00:00","og_image":[{"width":970,"height":360,"url":"https:\/\/www.oliviacentre.com\/wp-content\/uploads\/2021\/12\/PARADA_AKTUALNOSCI.png","type":"image\/png"}],"author":"obc_adm","twitter_card":"summary_large_image","twitter_creator":"@oliviabusiness","twitter_site":"@oliviabusiness","twitter_misc":{"Written by":"obc_adm","Est. reading time":"2 minutes"},"schema":{"@context":"https:\/\/schema.org","@graph":[{"@type":"Article","@id":"https:\/\/www.oliviacentre.com\/en\/uncategorized\/lets-go-to-the-independence-parade-together\/#article","isPartOf":{"@id":"https:\/\/www.oliviacentre.com\/en\/uncategorized\/lets-go-to-the-independence-parade-together\/"},"author":{"name":"obc_adm","@id":"https:\/\/www.oliviacentre.com\/#\/schema\/person\/4e3fd1f23e5e92f626d94d9a6079c118"},"headline":"Let&#8217;s go to the Independence Parade together!","datePublished":"2023-11-24T12:44:31+00:00","mainEntityOfPage":{"@id":"https:\/\/www.oliviacentre.com\/en\/uncategorized\/lets-go-to-the-independence-parade-together\/"},"wordCount":358,"commentCount":0,"image":{"@id":"https:\/\/www.oliviacentre.com\/en\/uncategorized\/lets-go-to-the-independence-parade-together\/#primaryimage"},"thumbnailUrl":"https:\/\/www.oliviacentre.com\/wp-content\/uploads\/2021\/12\/PARADA_AKTUALNOSCI.png","articleSection":{"1":"I'm a resident"},"inLanguage":"en-US"},{"@type":"WebPage","@id":"https:\/\/www.oliviacentre.com\/en\/uncategorized\/lets-go-to-the-independence-parade-together\/","url":"https:\/\/www.oliviacentre.com\/en\/uncategorized\/lets-go-to-the-independence-parade-together\/","name":"Let's go to the Independence Parade together! - Olivia Centre","isPartOf":{"@id":"https:\/\/www.oliviacentre.com\/#website"},"primaryImageOfPage":{"@id":"https:\/\/www.oliviacentre.com\/en\/uncategorized\/lets-go-to-the-independence-parade-together\/#primaryimage"},"image":{"@id":"https:\/\/www.oliviacentre.com\/en\/uncategorized\/lets-go-to-the-independence-parade-together\/#primaryimage"},"thumbnailUrl":"https:\/\/www.oliviacentre.com\/wp-content\/uploads\/2021\/12\/PARADA_AKTUALNOSCI.png","datePublished":"2023-11-24T12:44:31+00:00","author":{"@id":"https:\/\/www.oliviacentre.com\/#\/schema\/person\/4e3fd1f23e5e92f626d94d9a6079c118"},"breadcrumb":{"@id":"https:\/\/www.oliviacentre.com\/en\/uncategorized\/lets-go-to-the-independence-parade-together\/#breadcrumb"},"inLanguage":"en-US","potentialAction":[{"@type":"ReadAction","target":["https:\/\/www.oliviacentre.com\/en\/uncategorized\/lets-go-to-the-independence-parade-together\/"]}]},{"@type":"ImageObject","inLanguage":"en-US","@id":"https:\/\/www.oliviacentre.com\/en\/uncategorized\/lets-go-to-the-independence-parade-together\/#primaryimage","url":"https:\/\/www.oliviacentre.com\/wp-content\/uploads\/2021\/12\/PARADA_AKTUALNOSCI.png","contentUrl":"https:\/\/www.oliviacentre.com\/wp-content\/uploads\/2021\/12\/PARADA_AKTUALNOSCI.png","width":970,"height":360},{"@type":"BreadcrumbList","@id":"https:\/\/www.oliviacentre.com\/en\/uncategorized\/lets-go-to-the-independence-parade-together\/#breadcrumb","itemListElement":[{"@type":"ListItem","position":1,"name":"Strona g\u0142\u00f3wna","item":"https:\/\/www.oliviacentre.com\/en\/"},{"@type":"ListItem","position":2,"name":"Let&#8217;s go to the Independence Parade together!"}]},{"@type":"WebSite","@id":"https:\/\/www.oliviacentre.com\/#website","url":"https:\/\/www.oliviacentre.com\/","name":"Olivia Centre","description":"wi\u0119cej ni\u017c biznes","potentialAction":[{"@type":"SearchAction","target":{"@type":"EntryPoint","urlTemplate":"https:\/\/www.oliviacentre.com\/?s={search_term_string}"},"query-input":{"@type":"PropertyValueSpecification","valueRequired":true,"valueName":"search_term_string"}}],"inLanguage":"en-US"},{"@type":"Person","@id":"https:\/\/www.oliviacentre.com\/#\/schema\/person\/4e3fd1f23e5e92f626d94d9a6079c118","name":"obc_adm","image":{"@type":"ImageObject","inLanguage":"en-US","@id":"https:\/\/secure.gravatar.com\/avatar\/6ed35b4db73d230af6821e3a3376266efeac586aaa58d4f283e31348a3f95a3d?s=96&d=mm&r=g","url":"https:\/\/secure.gravatar.com\/avatar\/6ed35b4db73d230af6821e3a3376266efeac586aaa58d4f283e31348a3f95a3d?s=96&d=mm&r=g","contentUrl":"https:\/\/secure.gravatar.com\/avatar\/6ed35b4db73d230af6821e3a3376266efeac586aaa58d4f283e31348a3f95a3d?s=96&d=mm&r=g","caption":"obc_adm"},"sameAs":["http:\/\/www.oliviacentre.com"],"url":"https:\/\/www.oliviacentre.com\/en\/author\/obc_adm\/"}]}},"_links":{"self":[{"href":"https:\/\/www.oliviacentre.com\/en\/wp-json\/wp\/v2\/posts\/168981","targetHints":{"allow":["GET"]}}],"collection":[{"href":"https:\/\/www.oliviacentre.com\/en\/wp-json\/wp\/v2\/posts"}],"about":[{"href":"https:\/\/www.oliviacentre.com\/en\/wp-json\/wp\/v2\/types\/post"}],"author":[{"embeddable":true,"href":"https:\/\/www.oliviacentre.com\/en\/wp-json\/wp\/v2\/users\/1"}],"replies":[{"embeddable":true,"href":"https:\/\/www.oliviacentre.com\/en\/wp-json\/wp\/v2\/comments?post=168981"}],"version-history":[{"count":0,"href":"https:\/\/www.oliviacentre.com\/en\/wp-json\/wp\/v2\/posts\/168981\/revisions"}],"wp:featuredmedia":[{"embeddable":true,"href":"https:\/\/www.oliviacentre.com\/en\/wp-json\/wp\/v2\/media\/11794"}],"wp:attachment":[{"href":"https:\/\/www.oliviacentre.com\/en\/wp-json\/wp\/v2\/media?parent=168981"}],"wp:term":[{"taxonomy":"category","embeddable":true,"href":"https:\/\/www.oliviacentre.com\/en\/wp-json\/wp\/v2\/categories?post=168981"},{"taxonomy":"post_tag","embeddable":true,"href":"https:\/\/www.oliviacentre.com\/en\/wp-json\/wp\/v2\/tags?post=168981"},{"taxonomy":"post_folder","embeddable":true,"href":"https:\/\/www.oliviacentre.com\/en\/wp-json\/wp\/v2\/post_folder?post=168981"}],"curies":[{"name":"wp","href":"https:\/\/api.w.org\/{rel}","templated":true}]}}