{"id":168779,"date":"2023-11-24T13:30:25","date_gmt":"2023-11-24T12:30:25","guid":{"rendered":"https:\/\/www.oliviacentre.com\/uncategorized\/23rd-amber-gladiolus-award-gala\/"},"modified":"2023-11-24T13:30:25","modified_gmt":"2023-11-24T12:30:25","slug":"23rd-amber-gladiolus-award-gala","status":"publish","type":"post","link":"https:\/\/www.oliviacentre.com\/en\/uncategorized\/23rd-amber-gladiolus-award-gala\/","title":{"rendered":"23rd Amber Gladiolus Award Gala"},"content":{"rendered":"<p style=\"text-align: justify;\"><strong>Amber Gladiolus and Amber Catamaran prizes have been awarded!<\/strong><\/p>\n<p style=\"text-align: justify;\">Prestigious Maciej P\u0142a\u017cy\u0144ski Bursztynowy Mieczik awards and numerous distinctions were presented on December 1 to Pomeranian non-governmental organisations, associations and foundations during a ceremonial gala in the European Solidarity Centre in Gda\u0144sk.<\/p>\n<p style=\"text-align: justify;\">The idea and concept of Bursztynowy Mieczik Award, which has been granted since 1994, emerged in the Regional Information and NGOs Support Centre. Amber Gladiolus is the first undertaking of this kind in our country because it reflects the recognition<strong> for non-governmental organisations&#8217; activities at a regional level.<\/strong><\/p>\n<p style=\"text-align: justify;\">The special award for exceptional attitude during summer storms was presented to the <strong>Voluntary Fire Brigade<\/strong> <strong>in Dziemiany.<\/strong> The award was funded by Olivia Business Centre and was presented by company&#8217;s representative \u2013 Stefan Grabski.<\/p>\n<p style=\"text-align: justify;\">The Marshall of the Senate of the Republic of Poland Award was presented by Antoni Szyma\u0144ski, the senator, to Ma\u0142gorzata Rybicka from <strong>Autistic People Association.<\/strong><\/p>\n<p style=\"text-align: justify;\">Amber Catamaran Award was collected by <strong>Ryszard Kalkowski, the mayor of Szemud commune.<\/strong> The Amber Catamaran Award was collected also by &#8221; <strong>You Can Do It Differently&#8221; Association from<\/strong> Starogard Gda\u0144ski.<\/p>\n<p style=\"text-align: justify;\">The special award for the overall activity was presented to  <strong>St. Brother Albert&#8217;s Aid Society, Gda\u0144sk Circle.<\/strong><\/p>\n<p style=\"text-align: justify;\">Debut of the Year Award was collected by  <strong>Actively Moving Forward! Foundation<\/strong>  which introduced a special bike for disabled persons on our roads.<\/p>\n<p style=\"text-align: justify;\">Citizens&#8217; Prize was collected by  <strong>&#8220;Kaszubianki&#8221; Association.<\/strong><\/p>\n<p style=\"text-align: justify;\">\n<p style=\"text-align: justify;\"><sup>Elaborated on the basis of: netka.gda.pl &#8220;You can do it differently&#8221;, author: W\u0142odzimierz Amerski<\/sup><\/p>\n","protected":false},"excerpt":{"rendered":"<p>Amber Gladiolus and Amber Catamaran prizes have been awarded! Prestigious Maciej P\u0142a\u017cy\u0144ski Bursztynowy Mieczik awards and numerous distinctions were presented on December 1 to Pomeranian non-governmental organisations, associations and foundations during a ceremonial gala in the European Solidarity Centre in Gda\u0144sk. The idea and concept of Bursztynowy Mieczik Award, which has been granted since 1994, [&hellip;]<\/p>\n","protected":false},"author":1,"featured_media":11992,"comment_status":"open","ping_status":"open","sticky":false,"template":"","format":"standard","meta":{"_acf_changed":false,"kk_blocks_editor_width":"","_kiokenblocks_attr":"","_kiokenblocks_dimensions":"","footnotes":"","_links_to":"","_links_to_target":""},"categories":[19,291],"tags":[],"post_folder":[],"class_list":["post-168779","post","type-post","status-publish","format-standard","has-post-thumbnail","hentry","category-uncategorized","category-im-a-resident"],"acf":[],"yoast_head":"<!-- This site is optimized with the Yoast SEO plugin v27.4 - https:\/\/yoast.com\/product\/yoast-seo-wordpress\/ -->\n<title>23rd Amber Gladiolus Award Gala - Olivia Centre<\/title>\n<meta name=\"robots\" content=\"index, follow, max-snippet:-1, max-image-preview:large, max-video-preview:-1\" \/>\n<link rel=\"canonical\" href=\"https:\/\/www.oliviacentre.com\/en\/uncategorized\/23rd-amber-gladiolus-award-gala\/\" \/>\n<meta property=\"og:locale\" content=\"en_US\" \/>\n<meta property=\"og:type\" content=\"article\" \/>\n<meta property=\"og:title\" content=\"23rd Amber Gladiolus Award Gala - Olivia Centre\" \/>\n<meta property=\"og:description\" content=\"Amber Gladiolus and Amber Catamaran prizes have been awarded! Prestigious Maciej P\u0142a\u017cy\u0144ski Bursztynowy Mieczik awards and numerous distinctions were presented on December 1 to Pomeranian non-governmental organisations, associations and foundations during a ceremonial gala in the European Solidarity Centre in Gda\u0144sk. The idea and concept of Bursztynowy Mieczik Award, which has been granted since 1994, [&hellip;]\" \/>\n<meta property=\"og:url\" content=\"https:\/\/www.oliviacentre.com\/en\/uncategorized\/23rd-amber-gladiolus-award-gala\/\" \/>\n<meta property=\"og:site_name\" content=\"Olivia Centre\" \/>\n<meta property=\"article:publisher\" content=\"https:\/\/www.facebook.com\/oliviabusinesscentre\/\" \/>\n<meta property=\"article:published_time\" content=\"2023-11-24T12:30:25+00:00\" \/>\n<meta property=\"og:image\" content=\"https:\/\/www.oliviacentre.com\/wp-content\/uploads\/2021\/12\/bm.png\" \/>\n\t<meta property=\"og:image:width\" content=\"852\" \/>\n\t<meta property=\"og:image:height\" content=\"316\" \/>\n\t<meta property=\"og:image:type\" content=\"image\/png\" \/>\n<meta name=\"author\" content=\"obc_adm\" \/>\n<meta name=\"twitter:card\" content=\"summary_large_image\" \/>\n<meta name=\"twitter:creator\" content=\"@oliviabusiness\" \/>\n<meta name=\"twitter:site\" content=\"@oliviabusiness\" \/>\n<meta name=\"twitter:label1\" content=\"Written by\" \/>\n\t<meta name=\"twitter:data1\" content=\"obc_adm\" \/>\n\t<meta name=\"twitter:label2\" content=\"Est. reading time\" \/>\n\t<meta name=\"twitter:data2\" content=\"1 minute\" \/>\n<script type=\"application\/ld+json\" class=\"yoast-schema-graph\">{\"@context\":\"https:\\\/\\\/schema.org\",\"@graph\":[{\"@type\":\"Article\",\"@id\":\"https:\\\/\\\/www.oliviacentre.com\\\/en\\\/uncategorized\\\/23rd-amber-gladiolus-award-gala\\\/#article\",\"isPartOf\":{\"@id\":\"https:\\\/\\\/www.oliviacentre.com\\\/en\\\/uncategorized\\\/23rd-amber-gladiolus-award-gala\\\/\"},\"author\":{\"name\":\"obc_adm\",\"@id\":\"https:\\\/\\\/www.oliviacentre.com\\\/#\\\/schema\\\/person\\\/4e3fd1f23e5e92f626d94d9a6079c118\"},\"headline\":\"23rd Amber Gladiolus Award Gala\",\"datePublished\":\"2023-11-24T12:30:25+00:00\",\"mainEntityOfPage\":{\"@id\":\"https:\\\/\\\/www.oliviacentre.com\\\/en\\\/uncategorized\\\/23rd-amber-gladiolus-award-gala\\\/\"},\"wordCount\":255,\"commentCount\":0,\"image\":{\"@id\":\"https:\\\/\\\/www.oliviacentre.com\\\/en\\\/uncategorized\\\/23rd-amber-gladiolus-award-gala\\\/#primaryimage\"},\"thumbnailUrl\":\"https:\\\/\\\/www.oliviacentre.com\\\/wp-content\\\/uploads\\\/2021\\\/12\\\/bm.png\",\"articleSection\":{\"1\":\"I'm a resident\"},\"inLanguage\":\"en-US\"},{\"@type\":\"WebPage\",\"@id\":\"https:\\\/\\\/www.oliviacentre.com\\\/en\\\/uncategorized\\\/23rd-amber-gladiolus-award-gala\\\/\",\"url\":\"https:\\\/\\\/www.oliviacentre.com\\\/en\\\/uncategorized\\\/23rd-amber-gladiolus-award-gala\\\/\",\"name\":\"23rd Amber Gladiolus Award Gala - Olivia Centre\",\"isPartOf\":{\"@id\":\"https:\\\/\\\/www.oliviacentre.com\\\/#website\"},\"primaryImageOfPage\":{\"@id\":\"https:\\\/\\\/www.oliviacentre.com\\\/en\\\/uncategorized\\\/23rd-amber-gladiolus-award-gala\\\/#primaryimage\"},\"image\":{\"@id\":\"https:\\\/\\\/www.oliviacentre.com\\\/en\\\/uncategorized\\\/23rd-amber-gladiolus-award-gala\\\/#primaryimage\"},\"thumbnailUrl\":\"https:\\\/\\\/www.oliviacentre.com\\\/wp-content\\\/uploads\\\/2021\\\/12\\\/bm.png\",\"datePublished\":\"2023-11-24T12:30:25+00:00\",\"author\":{\"@id\":\"https:\\\/\\\/www.oliviacentre.com\\\/#\\\/schema\\\/person\\\/4e3fd1f23e5e92f626d94d9a6079c118\"},\"breadcrumb\":{\"@id\":\"https:\\\/\\\/www.oliviacentre.com\\\/en\\\/uncategorized\\\/23rd-amber-gladiolus-award-gala\\\/#breadcrumb\"},\"inLanguage\":\"en-US\",\"potentialAction\":[{\"@type\":\"ReadAction\",\"target\":[\"https:\\\/\\\/www.oliviacentre.com\\\/en\\\/uncategorized\\\/23rd-amber-gladiolus-award-gala\\\/\"]}]},{\"@type\":\"ImageObject\",\"inLanguage\":\"en-US\",\"@id\":\"https:\\\/\\\/www.oliviacentre.com\\\/en\\\/uncategorized\\\/23rd-amber-gladiolus-award-gala\\\/#primaryimage\",\"url\":\"https:\\\/\\\/www.oliviacentre.com\\\/wp-content\\\/uploads\\\/2021\\\/12\\\/bm.png\",\"contentUrl\":\"https:\\\/\\\/www.oliviacentre.com\\\/wp-content\\\/uploads\\\/2021\\\/12\\\/bm.png\",\"width\":852,\"height\":316},{\"@type\":\"BreadcrumbList\",\"@id\":\"https:\\\/\\\/www.oliviacentre.com\\\/en\\\/uncategorized\\\/23rd-amber-gladiolus-award-gala\\\/#breadcrumb\",\"itemListElement\":[{\"@type\":\"ListItem\",\"position\":1,\"name\":\"Strona g\u0142\u00f3wna\",\"item\":\"https:\\\/\\\/www.oliviacentre.com\\\/en\\\/\"},{\"@type\":\"ListItem\",\"position\":2,\"name\":\"23rd Amber Gladiolus Award Gala\"}]},{\"@type\":\"WebSite\",\"@id\":\"https:\\\/\\\/www.oliviacentre.com\\\/#website\",\"url\":\"https:\\\/\\\/www.oliviacentre.com\\\/\",\"name\":\"Olivia Centre\",\"description\":\"wi\u0119cej ni\u017c biznes\",\"potentialAction\":[{\"@type\":\"SearchAction\",\"target\":{\"@type\":\"EntryPoint\",\"urlTemplate\":\"https:\\\/\\\/www.oliviacentre.com\\\/?s={search_term_string}\"},\"query-input\":{\"@type\":\"PropertyValueSpecification\",\"valueRequired\":true,\"valueName\":\"search_term_string\"}}],\"inLanguage\":\"en-US\"},{\"@type\":\"Person\",\"@id\":\"https:\\\/\\\/www.oliviacentre.com\\\/#\\\/schema\\\/person\\\/4e3fd1f23e5e92f626d94d9a6079c118\",\"name\":\"obc_adm\",\"image\":{\"@type\":\"ImageObject\",\"inLanguage\":\"en-US\",\"@id\":\"https:\\\/\\\/secure.gravatar.com\\\/avatar\\\/6ed35b4db73d230af6821e3a3376266efeac586aaa58d4f283e31348a3f95a3d?s=96&d=mm&r=g\",\"url\":\"https:\\\/\\\/secure.gravatar.com\\\/avatar\\\/6ed35b4db73d230af6821e3a3376266efeac586aaa58d4f283e31348a3f95a3d?s=96&d=mm&r=g\",\"contentUrl\":\"https:\\\/\\\/secure.gravatar.com\\\/avatar\\\/6ed35b4db73d230af6821e3a3376266efeac586aaa58d4f283e31348a3f95a3d?s=96&d=mm&r=g\",\"caption\":\"obc_adm\"},\"sameAs\":[\"http:\\\/\\\/www.oliviacentre.com\"],\"url\":\"https:\\\/\\\/www.oliviacentre.com\\\/en\\\/author\\\/obc_adm\\\/\"}]}<\/script>\n<!-- \/ Yoast SEO plugin. -->","yoast_head_json":{"title":"23rd Amber Gladiolus Award Gala - Olivia Centre","robots":{"index":"index","follow":"follow","max-snippet":"max-snippet:-1","max-image-preview":"max-image-preview:large","max-video-preview":"max-video-preview:-1"},"canonical":"https:\/\/www.oliviacentre.com\/en\/uncategorized\/23rd-amber-gladiolus-award-gala\/","og_locale":"en_US","og_type":"article","og_title":"23rd Amber Gladiolus Award Gala - Olivia Centre","og_description":"Amber Gladiolus and Amber Catamaran prizes have been awarded! Prestigious Maciej P\u0142a\u017cy\u0144ski Bursztynowy Mieczik awards and numerous distinctions were presented on December 1 to Pomeranian non-governmental organisations, associations and foundations during a ceremonial gala in the European Solidarity Centre in Gda\u0144sk. The idea and concept of Bursztynowy Mieczik Award, which has been granted since 1994, [&hellip;]","og_url":"https:\/\/www.oliviacentre.com\/en\/uncategorized\/23rd-amber-gladiolus-award-gala\/","og_site_name":"Olivia Centre","article_publisher":"https:\/\/www.facebook.com\/oliviabusinesscentre\/","article_published_time":"2023-11-24T12:30:25+00:00","og_image":[{"width":852,"height":316,"url":"https:\/\/www.oliviacentre.com\/wp-content\/uploads\/2021\/12\/bm.png","type":"image\/png"}],"author":"obc_adm","twitter_card":"summary_large_image","twitter_creator":"@oliviabusiness","twitter_site":"@oliviabusiness","twitter_misc":{"Written by":"obc_adm","Est. reading time":"1 minute"},"schema":{"@context":"https:\/\/schema.org","@graph":[{"@type":"Article","@id":"https:\/\/www.oliviacentre.com\/en\/uncategorized\/23rd-amber-gladiolus-award-gala\/#article","isPartOf":{"@id":"https:\/\/www.oliviacentre.com\/en\/uncategorized\/23rd-amber-gladiolus-award-gala\/"},"author":{"name":"obc_adm","@id":"https:\/\/www.oliviacentre.com\/#\/schema\/person\/4e3fd1f23e5e92f626d94d9a6079c118"},"headline":"23rd Amber Gladiolus Award Gala","datePublished":"2023-11-24T12:30:25+00:00","mainEntityOfPage":{"@id":"https:\/\/www.oliviacentre.com\/en\/uncategorized\/23rd-amber-gladiolus-award-gala\/"},"wordCount":255,"commentCount":0,"image":{"@id":"https:\/\/www.oliviacentre.com\/en\/uncategorized\/23rd-amber-gladiolus-award-gala\/#primaryimage"},"thumbnailUrl":"https:\/\/www.oliviacentre.com\/wp-content\/uploads\/2021\/12\/bm.png","articleSection":{"1":"I'm a resident"},"inLanguage":"en-US"},{"@type":"WebPage","@id":"https:\/\/www.oliviacentre.com\/en\/uncategorized\/23rd-amber-gladiolus-award-gala\/","url":"https:\/\/www.oliviacentre.com\/en\/uncategorized\/23rd-amber-gladiolus-award-gala\/","name":"23rd Amber Gladiolus Award Gala - Olivia Centre","isPartOf":{"@id":"https:\/\/www.oliviacentre.com\/#website"},"primaryImageOfPage":{"@id":"https:\/\/www.oliviacentre.com\/en\/uncategorized\/23rd-amber-gladiolus-award-gala\/#primaryimage"},"image":{"@id":"https:\/\/www.oliviacentre.com\/en\/uncategorized\/23rd-amber-gladiolus-award-gala\/#primaryimage"},"thumbnailUrl":"https:\/\/www.oliviacentre.com\/wp-content\/uploads\/2021\/12\/bm.png","datePublished":"2023-11-24T12:30:25+00:00","author":{"@id":"https:\/\/www.oliviacentre.com\/#\/schema\/person\/4e3fd1f23e5e92f626d94d9a6079c118"},"breadcrumb":{"@id":"https:\/\/www.oliviacentre.com\/en\/uncategorized\/23rd-amber-gladiolus-award-gala\/#breadcrumb"},"inLanguage":"en-US","potentialAction":[{"@type":"ReadAction","target":["https:\/\/www.oliviacentre.com\/en\/uncategorized\/23rd-amber-gladiolus-award-gala\/"]}]},{"@type":"ImageObject","inLanguage":"en-US","@id":"https:\/\/www.oliviacentre.com\/en\/uncategorized\/23rd-amber-gladiolus-award-gala\/#primaryimage","url":"https:\/\/www.oliviacentre.com\/wp-content\/uploads\/2021\/12\/bm.png","contentUrl":"https:\/\/www.oliviacentre.com\/wp-content\/uploads\/2021\/12\/bm.png","width":852,"height":316},{"@type":"BreadcrumbList","@id":"https:\/\/www.oliviacentre.com\/en\/uncategorized\/23rd-amber-gladiolus-award-gala\/#breadcrumb","itemListElement":[{"@type":"ListItem","position":1,"name":"Strona g\u0142\u00f3wna","item":"https:\/\/www.oliviacentre.com\/en\/"},{"@type":"ListItem","position":2,"name":"23rd Amber Gladiolus Award Gala"}]},{"@type":"WebSite","@id":"https:\/\/www.oliviacentre.com\/#website","url":"https:\/\/www.oliviacentre.com\/","name":"Olivia Centre","description":"wi\u0119cej ni\u017c biznes","potentialAction":[{"@type":"SearchAction","target":{"@type":"EntryPoint","urlTemplate":"https:\/\/www.oliviacentre.com\/?s={search_term_string}"},"query-input":{"@type":"PropertyValueSpecification","valueRequired":true,"valueName":"search_term_string"}}],"inLanguage":"en-US"},{"@type":"Person","@id":"https:\/\/www.oliviacentre.com\/#\/schema\/person\/4e3fd1f23e5e92f626d94d9a6079c118","name":"obc_adm","image":{"@type":"ImageObject","inLanguage":"en-US","@id":"https:\/\/secure.gravatar.com\/avatar\/6ed35b4db73d230af6821e3a3376266efeac586aaa58d4f283e31348a3f95a3d?s=96&d=mm&r=g","url":"https:\/\/secure.gravatar.com\/avatar\/6ed35b4db73d230af6821e3a3376266efeac586aaa58d4f283e31348a3f95a3d?s=96&d=mm&r=g","contentUrl":"https:\/\/secure.gravatar.com\/avatar\/6ed35b4db73d230af6821e3a3376266efeac586aaa58d4f283e31348a3f95a3d?s=96&d=mm&r=g","caption":"obc_adm"},"sameAs":["http:\/\/www.oliviacentre.com"],"url":"https:\/\/www.oliviacentre.com\/en\/author\/obc_adm\/"}]}},"_links":{"self":[{"href":"https:\/\/www.oliviacentre.com\/en\/wp-json\/wp\/v2\/posts\/168779","targetHints":{"allow":["GET"]}}],"collection":[{"href":"https:\/\/www.oliviacentre.com\/en\/wp-json\/wp\/v2\/posts"}],"about":[{"href":"https:\/\/www.oliviacentre.com\/en\/wp-json\/wp\/v2\/types\/post"}],"author":[{"embeddable":true,"href":"https:\/\/www.oliviacentre.com\/en\/wp-json\/wp\/v2\/users\/1"}],"replies":[{"embeddable":true,"href":"https:\/\/www.oliviacentre.com\/en\/wp-json\/wp\/v2\/comments?post=168779"}],"version-history":[{"count":0,"href":"https:\/\/www.oliviacentre.com\/en\/wp-json\/wp\/v2\/posts\/168779\/revisions"}],"wp:featuredmedia":[{"embeddable":true,"href":"https:\/\/www.oliviacentre.com\/en\/wp-json\/wp\/v2\/media\/11992"}],"wp:attachment":[{"href":"https:\/\/www.oliviacentre.com\/en\/wp-json\/wp\/v2\/media?parent=168779"}],"wp:term":[{"taxonomy":"category","embeddable":true,"href":"https:\/\/www.oliviacentre.com\/en\/wp-json\/wp\/v2\/categories?post=168779"},{"taxonomy":"post_tag","embeddable":true,"href":"https:\/\/www.oliviacentre.com\/en\/wp-json\/wp\/v2\/tags?post=168779"},{"taxonomy":"post_folder","embeddable":true,"href":"https:\/\/www.oliviacentre.com\/en\/wp-json\/wp\/v2\/post_folder?post=168779"}],"curies":[{"name":"wp","href":"https:\/\/api.w.org\/{rel}","templated":true}]}}