{"id":168759,"date":"2023-11-24T13:29:30","date_gmt":"2023-11-24T12:29:30","guid":{"rendered":"https:\/\/www.oliviacentre.com\/uncategorized\/lets-talk-about-the-metropolis-in-pomerania-we-are-initiating-metropolitan-debates-in-olivia\/"},"modified":"2023-11-24T13:29:30","modified_gmt":"2023-11-24T12:29:30","slug":"lets-talk-about-the-metropolis-in-pomerania-we-are-initiating-metropolitan-debates-in-olivia","status":"publish","type":"post","link":"https:\/\/www.oliviacentre.com\/en\/uncategorized\/lets-talk-about-the-metropolis-in-pomerania-we-are-initiating-metropolitan-debates-in-olivia\/","title":{"rendered":"Let&#8217;s talk about the metropolis in Pomerania. We are initiating Metropolitan Debates in Olivia"},"content":{"rendered":"<p style=\"text-align: justify;\"><strong>Today, the Metropolitan Debates in Olivia are starting. Together with &#8220;Dziennik Ba\u0142tycki&#8221; \u2013 the organizer of the debates and the substantive partner of the project \u2013 the Gda\u0144sk-Gdynia-Sopot Metropolitan Area Association, we will consider how to build a strong metropolis that will serve the inhabitants of our region well. Throughout the first half of 2018, representatives of local governments, universities, cultural and art institutions, entrepreneurs and politicians will meet in Olivia Business Centre, discussing the most important topics for our agglomeration.<\/strong><\/p>\n<h3 style=\"text-align: center;\"><span style=\"background-color: #99ccff;\"><strong>The first meeting of the &#8220;Metropolitan debates in Olivia&#8221; series<\/strong> is today,  <strong>January 22 at 11:00<\/strong><\/span><\/h3>\n<h3 style=\"text-align: center;\"><span style=\"background-color: #99ccff;\"><strong>Follow the Debate<\/strong> <strong>live on the<\/strong> Facebook page of &#8220;Dziennik Ba\u0142tycki&#8221;<\/span><\/h3>\n<h2 style=\"text-align: center;\"><span style=\"background-color: #99ccff; font-size: 24pt;\"><a style=\"background-color: #99ccff;\" href=\"https:\/\/www.facebook.com\/dziennikbaltycki\/videos\/10155898370177778\/\"><span style=\"color: #3366ff;\"><strong>WATCH THE DEBATE LIVE<\/strong><\/span><\/a><\/span><\/h2>\n<p style=\"text-align: justify;\">The topic of the meeting, in which  <strong>will be attended by m.in. Mieczys\u0142aw Struk, Marshal of the Voivodeship, Pawe\u0142 Adamowicz, Presidents of Gda\u0144sk, Wojciech Szczurek of Gdynia and Jacek Karnowski of Sopot<\/strong>  and representatives of the government, Pomeranian MPs and senators, as well as the business and science community, reads: <strong>&#8220;Opportunities and needs for the creation of a metropolis in Pomerania?&#8221;. <\/strong> <\/p>\n<p style=\"text-align: justify;\">The inhabitants of the region were the first to be convinced of the idea of a metropolis, the creation of which has been discussed for several years. The benefits of being &#8220;together&#8221; have always been obvious to them (a common ticket and implementations of public transport, common solutions to environmental problems, issues of education or planning the development of the region&#8230;). In 2011, local governments that wanted to cooperate with each other established the Gda\u0144sk Metropolitan Area Association. Today, the <a href=\"http:\/\/www.metropoliagdansk.pl\/\">Gda\u0144sk-Gdynia-Sopot Metropolitan Area Association<\/a> consists of 57 local governments (the area covers a total area of nearly 5.5 thousand km\u00b2; according to the area of counties: 6.7 thousand km\u00b2, inhabited by nearly 1.5 million inhabitants).<\/p>\n<p><img loading=\"lazy\" decoding=\"async\" class=\"aligncenter wp-image-8344 size-full\" src=\"https:\/\/www.oliviacentre.com\/wp-content\/uploads\/2021\/12\/MetropolitalneDebaty.png\" alt=\"\" width=\"853\" height=\"507\"><\/p>\n<p style=\"text-align: justify;\">A similar opinion is expressed by business representatives, who have been talking about the metropolis for a long time in the context of Gda\u0144sk, Gdynia, Sopot and neighbouring cities. Over the years, however, it has been more difficult to convince local government politicians. Among them, of course, there were declared enthusiasts of the idea of a metropolis, but there were also skeptics who claimed that it was easier to communicate in order to solve some specific problems.<\/p>\n<p style=\"text-align: justify;\">To this day, however, the Pomeranian metropolis has no statutory authority. And without it, solving many problems together is very difficult in practice.<\/p>\n<p style=\"text-align: justify;\">Looking for ideas and specific solutions for the metropolis, together with &#8220;Dziennik Ba\u0142tycki&#8221; and the Gda\u0144sk-Gdynia-Sopot Metropolitan Area Olivia Business Centre association, we are organizing a series of debates under the slogan &#8220;We want a Metropolis in Pomerania&#8221;. The participants of the first of them, scheduled for 22 January, will sign a <strong>declaration in Olivia about the need to create a Pomeranian metropolis<\/strong>. We believe that this declaration will become the cornerstone of the entire enterprise.<\/p>\n<p style=\"text-align: justify;\">In the next debates, planned for later months, we will reflect together with politicians and residents of the region on how to most effectively solve problems related to specific spheres of life: transport and public transport, environmental protection, education or tourism. In each of these areas, together we can do better and more.<\/p>\n<p><span style=\"font-size: 14pt;\"><a href=\"http:\/\/www.dziennikbaltycki.pl\/metropolitalne-debaty-w-olivii\/\"><strong>Follow the current information on the website dedicated to the Metropolitan Debates in Olivia<\/strong><\/a><\/span><\/p>\n<h3 style=\"text-align: justify;\"><span style=\"font-size: 14pt;\"><a href=\"https:\/\/www.facebook.com\/events\/326963994484639\/\">See the event on FB<\/a><\/span><\/h3>\n<p style=\"text-align: justify;\"><strong><u>Topics that will be discussed during the meeting on January 22:<\/u><\/strong><\/p>\n<ul style=\"text-align: justify;\">\n<li>Does the development of metropolises in Poland require special legal acts? If so, should the government issue regulations to the Act on Metropolitan Unions passed in the previous term, as it happened in the case of the Silesian Metropolis, or should it develop a new act?<\/li>\n<li>Will the creation of a metropolis solve our everyday problems? If so, which ones?<\/li>\n<li>How to build a new common quality \u2013 the united strength of cities \u2013 in order to be able to act more, better and more effectively?<\/li>\n<li>What tasks should be fulfilled by the future metropolis?<\/li>\n<li>Won&#8217;t the possible creation of a metropolis threaten the sovereignty of the municipalities located around the Gda\u0144sk agglomeration?<\/li>\n<\/ul>\n<p style=\"text-align: justify;\">Welcome!<\/p>\n<p><img loading=\"lazy\" decoding=\"async\" class=\"aligncenter wp-image-8358 size-full\" src=\"https:\/\/www.oliviacentre.com\/wp-content\/uploads\/2021\/12\/Debaty_w_olivii.png\" alt=\"\" width=\"853\" height=\"401\"><\/p>\n<p style=\"text-align: justify;\"><sub>Source: &#8220;Metropolitan Debates in Olivia. We want a metropolis in Pomerania! Together we can do better and more&#8221;\/ author: Jaros\u0142aw Zalesi\u0144ski, after: <a href=\"http:\/\/www.dziennikbaltycki.pl\/metropolitalne-debaty-w-olivii\/a\/metropolitalne-debaty-w-olivii-chcemy-metropolii-na-pomorzu-razem-mozna-lepiej-i-wiecej,12844967\/\">http:\/\/www.dziennikbaltycki.pl\/metropolitalne-debaty-w-olivii\/a\/metropolitalne-debaty-w-olivii-chcemy-metropolii-na-pomorzu-razem-mozna-lepiej-i-wiecej,12844967\/<\/a><\/sub><\/p>\n<p style=\"text-align: justify;\">\n","protected":false},"excerpt":{"rendered":"<p>Today, the Metropolitan Debates in Olivia are starting. Together with &#8220;Dziennik Ba\u0142tycki&#8221; \u2013 the organizer of the debates and the substantive partner of the project \u2013 the Gda\u0144sk-Gdynia-Sopot Metropolitan Area Association, we will consider how to build a strong metropolis that will serve the inhabitants of our region well. Throughout the first half of 2018, [&hellip;]<\/p>\n","protected":false},"author":1,"featured_media":12124,"comment_status":"open","ping_status":"open","sticky":false,"template":"","format":"standard","meta":{"_acf_changed":false,"kk_blocks_editor_width":"","_kiokenblocks_attr":"","_kiokenblocks_dimensions":"","footnotes":"","_links_to":"","_links_to_target":""},"categories":[19,291],"tags":[],"post_folder":[],"class_list":["post-168759","post","type-post","status-publish","format-standard","has-post-thumbnail","hentry","category-uncategorized","category-im-a-resident"],"acf":[],"yoast_head":"<!-- This site is optimized with the Yoast SEO plugin v27.4 - https:\/\/yoast.com\/product\/yoast-seo-wordpress\/ -->\n<title>Let&#039;s talk about the metropolis in Pomerania. We are initiating Metropolitan Debates in Olivia - Olivia Centre<\/title>\n<meta name=\"robots\" content=\"index, follow, max-snippet:-1, max-image-preview:large, max-video-preview:-1\" \/>\n<link rel=\"canonical\" href=\"https:\/\/www.oliviacentre.com\/en\/uncategorized\/lets-talk-about-the-metropolis-in-pomerania-we-are-initiating-metropolitan-debates-in-olivia\/\" \/>\n<meta property=\"og:locale\" content=\"en_US\" \/>\n<meta property=\"og:type\" content=\"article\" \/>\n<meta property=\"og:title\" content=\"Let&#039;s talk about the metropolis in Pomerania. We are initiating Metropolitan Debates in Olivia - Olivia Centre\" \/>\n<meta property=\"og:description\" content=\"Today, the Metropolitan Debates in Olivia are starting. Together with &#8220;Dziennik Ba\u0142tycki&#8221; \u2013 the organizer of the debates and the substantive partner of the project \u2013 the Gda\u0144sk-Gdynia-Sopot Metropolitan Area Association, we will consider how to build a strong metropolis that will serve the inhabitants of our region well. Throughout the first half of 2018, [&hellip;]\" \/>\n<meta property=\"og:url\" content=\"https:\/\/www.oliviacentre.com\/en\/uncategorized\/lets-talk-about-the-metropolis-in-pomerania-we-are-initiating-metropolitan-debates-in-olivia\/\" \/>\n<meta property=\"og:site_name\" content=\"Olivia Centre\" \/>\n<meta property=\"article:publisher\" content=\"https:\/\/www.facebook.com\/oliviabusinesscentre\/\" \/>\n<meta property=\"article:published_time\" content=\"2023-11-24T12:29:30+00:00\" \/>\n<meta property=\"og:image\" content=\"https:\/\/www.oliviacentre.com\/wp-content\/uploads\/2021\/12\/MD_1.png\" \/>\n\t<meta property=\"og:image:width\" content=\"853\" \/>\n\t<meta property=\"og:image:height\" content=\"317\" \/>\n\t<meta property=\"og:image:type\" content=\"image\/png\" \/>\n<meta name=\"author\" content=\"obc_adm\" \/>\n<meta name=\"twitter:card\" content=\"summary_large_image\" \/>\n<meta name=\"twitter:creator\" content=\"@oliviabusiness\" \/>\n<meta name=\"twitter:site\" content=\"@oliviabusiness\" \/>\n<meta name=\"twitter:label1\" content=\"Written by\" \/>\n\t<meta name=\"twitter:data1\" content=\"obc_adm\" \/>\n\t<meta name=\"twitter:label2\" content=\"Est. reading time\" \/>\n\t<meta name=\"twitter:data2\" content=\"3 minutes\" \/>\n<script type=\"application\/ld+json\" class=\"yoast-schema-graph\">{\"@context\":\"https:\\\/\\\/schema.org\",\"@graph\":[{\"@type\":\"Article\",\"@id\":\"https:\\\/\\\/www.oliviacentre.com\\\/en\\\/uncategorized\\\/lets-talk-about-the-metropolis-in-pomerania-we-are-initiating-metropolitan-debates-in-olivia\\\/#article\",\"isPartOf\":{\"@id\":\"https:\\\/\\\/www.oliviacentre.com\\\/en\\\/uncategorized\\\/lets-talk-about-the-metropolis-in-pomerania-we-are-initiating-metropolitan-debates-in-olivia\\\/\"},\"author\":{\"name\":\"obc_adm\",\"@id\":\"https:\\\/\\\/www.oliviacentre.com\\\/#\\\/schema\\\/person\\\/4e3fd1f23e5e92f626d94d9a6079c118\"},\"headline\":\"Let&#8217;s talk about the metropolis in Pomerania. We are initiating Metropolitan Debates in Olivia\",\"datePublished\":\"2023-11-24T12:29:30+00:00\",\"mainEntityOfPage\":{\"@id\":\"https:\\\/\\\/www.oliviacentre.com\\\/en\\\/uncategorized\\\/lets-talk-about-the-metropolis-in-pomerania-we-are-initiating-metropolitan-debates-in-olivia\\\/\"},\"wordCount\":706,\"commentCount\":0,\"image\":{\"@id\":\"https:\\\/\\\/www.oliviacentre.com\\\/en\\\/uncategorized\\\/lets-talk-about-the-metropolis-in-pomerania-we-are-initiating-metropolitan-debates-in-olivia\\\/#primaryimage\"},\"thumbnailUrl\":\"https:\\\/\\\/www.oliviacentre.com\\\/wp-content\\\/uploads\\\/2021\\\/12\\\/MD_1.png\",\"articleSection\":{\"1\":\"I'm a resident\"},\"inLanguage\":\"en-US\"},{\"@type\":\"WebPage\",\"@id\":\"https:\\\/\\\/www.oliviacentre.com\\\/en\\\/uncategorized\\\/lets-talk-about-the-metropolis-in-pomerania-we-are-initiating-metropolitan-debates-in-olivia\\\/\",\"url\":\"https:\\\/\\\/www.oliviacentre.com\\\/en\\\/uncategorized\\\/lets-talk-about-the-metropolis-in-pomerania-we-are-initiating-metropolitan-debates-in-olivia\\\/\",\"name\":\"Let's talk about the metropolis in Pomerania. We are initiating Metropolitan Debates in Olivia - Olivia Centre\",\"isPartOf\":{\"@id\":\"https:\\\/\\\/www.oliviacentre.com\\\/#website\"},\"primaryImageOfPage\":{\"@id\":\"https:\\\/\\\/www.oliviacentre.com\\\/en\\\/uncategorized\\\/lets-talk-about-the-metropolis-in-pomerania-we-are-initiating-metropolitan-debates-in-olivia\\\/#primaryimage\"},\"image\":{\"@id\":\"https:\\\/\\\/www.oliviacentre.com\\\/en\\\/uncategorized\\\/lets-talk-about-the-metropolis-in-pomerania-we-are-initiating-metropolitan-debates-in-olivia\\\/#primaryimage\"},\"thumbnailUrl\":\"https:\\\/\\\/www.oliviacentre.com\\\/wp-content\\\/uploads\\\/2021\\\/12\\\/MD_1.png\",\"datePublished\":\"2023-11-24T12:29:30+00:00\",\"author\":{\"@id\":\"https:\\\/\\\/www.oliviacentre.com\\\/#\\\/schema\\\/person\\\/4e3fd1f23e5e92f626d94d9a6079c118\"},\"breadcrumb\":{\"@id\":\"https:\\\/\\\/www.oliviacentre.com\\\/en\\\/uncategorized\\\/lets-talk-about-the-metropolis-in-pomerania-we-are-initiating-metropolitan-debates-in-olivia\\\/#breadcrumb\"},\"inLanguage\":\"en-US\",\"potentialAction\":[{\"@type\":\"ReadAction\",\"target\":[\"https:\\\/\\\/www.oliviacentre.com\\\/en\\\/uncategorized\\\/lets-talk-about-the-metropolis-in-pomerania-we-are-initiating-metropolitan-debates-in-olivia\\\/\"]}]},{\"@type\":\"ImageObject\",\"inLanguage\":\"en-US\",\"@id\":\"https:\\\/\\\/www.oliviacentre.com\\\/en\\\/uncategorized\\\/lets-talk-about-the-metropolis-in-pomerania-we-are-initiating-metropolitan-debates-in-olivia\\\/#primaryimage\",\"url\":\"https:\\\/\\\/www.oliviacentre.com\\\/wp-content\\\/uploads\\\/2021\\\/12\\\/MD_1.png\",\"contentUrl\":\"https:\\\/\\\/www.oliviacentre.com\\\/wp-content\\\/uploads\\\/2021\\\/12\\\/MD_1.png\",\"width\":853,\"height\":317},{\"@type\":\"BreadcrumbList\",\"@id\":\"https:\\\/\\\/www.oliviacentre.com\\\/en\\\/uncategorized\\\/lets-talk-about-the-metropolis-in-pomerania-we-are-initiating-metropolitan-debates-in-olivia\\\/#breadcrumb\",\"itemListElement\":[{\"@type\":\"ListItem\",\"position\":1,\"name\":\"Strona g\u0142\u00f3wna\",\"item\":\"https:\\\/\\\/www.oliviacentre.com\\\/en\\\/\"},{\"@type\":\"ListItem\",\"position\":2,\"name\":\"Let&#8217;s talk about the metropolis in Pomerania. We are initiating Metropolitan Debates in Olivia\"}]},{\"@type\":\"WebSite\",\"@id\":\"https:\\\/\\\/www.oliviacentre.com\\\/#website\",\"url\":\"https:\\\/\\\/www.oliviacentre.com\\\/\",\"name\":\"Olivia Centre\",\"description\":\"wi\u0119cej ni\u017c biznes\",\"potentialAction\":[{\"@type\":\"SearchAction\",\"target\":{\"@type\":\"EntryPoint\",\"urlTemplate\":\"https:\\\/\\\/www.oliviacentre.com\\\/?s={search_term_string}\"},\"query-input\":{\"@type\":\"PropertyValueSpecification\",\"valueRequired\":true,\"valueName\":\"search_term_string\"}}],\"inLanguage\":\"en-US\"},{\"@type\":\"Person\",\"@id\":\"https:\\\/\\\/www.oliviacentre.com\\\/#\\\/schema\\\/person\\\/4e3fd1f23e5e92f626d94d9a6079c118\",\"name\":\"obc_adm\",\"image\":{\"@type\":\"ImageObject\",\"inLanguage\":\"en-US\",\"@id\":\"https:\\\/\\\/secure.gravatar.com\\\/avatar\\\/6ed35b4db73d230af6821e3a3376266efeac586aaa58d4f283e31348a3f95a3d?s=96&d=mm&r=g\",\"url\":\"https:\\\/\\\/secure.gravatar.com\\\/avatar\\\/6ed35b4db73d230af6821e3a3376266efeac586aaa58d4f283e31348a3f95a3d?s=96&d=mm&r=g\",\"contentUrl\":\"https:\\\/\\\/secure.gravatar.com\\\/avatar\\\/6ed35b4db73d230af6821e3a3376266efeac586aaa58d4f283e31348a3f95a3d?s=96&d=mm&r=g\",\"caption\":\"obc_adm\"},\"sameAs\":[\"http:\\\/\\\/www.oliviacentre.com\"],\"url\":\"https:\\\/\\\/www.oliviacentre.com\\\/en\\\/author\\\/obc_adm\\\/\"}]}<\/script>\n<!-- \/ Yoast SEO plugin. -->","yoast_head_json":{"title":"Let's talk about the metropolis in Pomerania. We are initiating Metropolitan Debates in Olivia - Olivia Centre","robots":{"index":"index","follow":"follow","max-snippet":"max-snippet:-1","max-image-preview":"max-image-preview:large","max-video-preview":"max-video-preview:-1"},"canonical":"https:\/\/www.oliviacentre.com\/en\/uncategorized\/lets-talk-about-the-metropolis-in-pomerania-we-are-initiating-metropolitan-debates-in-olivia\/","og_locale":"en_US","og_type":"article","og_title":"Let's talk about the metropolis in Pomerania. We are initiating Metropolitan Debates in Olivia - Olivia Centre","og_description":"Today, the Metropolitan Debates in Olivia are starting. Together with &#8220;Dziennik Ba\u0142tycki&#8221; \u2013 the organizer of the debates and the substantive partner of the project \u2013 the Gda\u0144sk-Gdynia-Sopot Metropolitan Area Association, we will consider how to build a strong metropolis that will serve the inhabitants of our region well. Throughout the first half of 2018, [&hellip;]","og_url":"https:\/\/www.oliviacentre.com\/en\/uncategorized\/lets-talk-about-the-metropolis-in-pomerania-we-are-initiating-metropolitan-debates-in-olivia\/","og_site_name":"Olivia Centre","article_publisher":"https:\/\/www.facebook.com\/oliviabusinesscentre\/","article_published_time":"2023-11-24T12:29:30+00:00","og_image":[{"width":853,"height":317,"url":"https:\/\/www.oliviacentre.com\/wp-content\/uploads\/2021\/12\/MD_1.png","type":"image\/png"}],"author":"obc_adm","twitter_card":"summary_large_image","twitter_creator":"@oliviabusiness","twitter_site":"@oliviabusiness","twitter_misc":{"Written by":"obc_adm","Est. reading time":"3 minutes"},"schema":{"@context":"https:\/\/schema.org","@graph":[{"@type":"Article","@id":"https:\/\/www.oliviacentre.com\/en\/uncategorized\/lets-talk-about-the-metropolis-in-pomerania-we-are-initiating-metropolitan-debates-in-olivia\/#article","isPartOf":{"@id":"https:\/\/www.oliviacentre.com\/en\/uncategorized\/lets-talk-about-the-metropolis-in-pomerania-we-are-initiating-metropolitan-debates-in-olivia\/"},"author":{"name":"obc_adm","@id":"https:\/\/www.oliviacentre.com\/#\/schema\/person\/4e3fd1f23e5e92f626d94d9a6079c118"},"headline":"Let&#8217;s talk about the metropolis in Pomerania. We are initiating Metropolitan Debates in Olivia","datePublished":"2023-11-24T12:29:30+00:00","mainEntityOfPage":{"@id":"https:\/\/www.oliviacentre.com\/en\/uncategorized\/lets-talk-about-the-metropolis-in-pomerania-we-are-initiating-metropolitan-debates-in-olivia\/"},"wordCount":706,"commentCount":0,"image":{"@id":"https:\/\/www.oliviacentre.com\/en\/uncategorized\/lets-talk-about-the-metropolis-in-pomerania-we-are-initiating-metropolitan-debates-in-olivia\/#primaryimage"},"thumbnailUrl":"https:\/\/www.oliviacentre.com\/wp-content\/uploads\/2021\/12\/MD_1.png","articleSection":{"1":"I'm a resident"},"inLanguage":"en-US"},{"@type":"WebPage","@id":"https:\/\/www.oliviacentre.com\/en\/uncategorized\/lets-talk-about-the-metropolis-in-pomerania-we-are-initiating-metropolitan-debates-in-olivia\/","url":"https:\/\/www.oliviacentre.com\/en\/uncategorized\/lets-talk-about-the-metropolis-in-pomerania-we-are-initiating-metropolitan-debates-in-olivia\/","name":"Let's talk about the metropolis in Pomerania. We are initiating Metropolitan Debates in Olivia - Olivia Centre","isPartOf":{"@id":"https:\/\/www.oliviacentre.com\/#website"},"primaryImageOfPage":{"@id":"https:\/\/www.oliviacentre.com\/en\/uncategorized\/lets-talk-about-the-metropolis-in-pomerania-we-are-initiating-metropolitan-debates-in-olivia\/#primaryimage"},"image":{"@id":"https:\/\/www.oliviacentre.com\/en\/uncategorized\/lets-talk-about-the-metropolis-in-pomerania-we-are-initiating-metropolitan-debates-in-olivia\/#primaryimage"},"thumbnailUrl":"https:\/\/www.oliviacentre.com\/wp-content\/uploads\/2021\/12\/MD_1.png","datePublished":"2023-11-24T12:29:30+00:00","author":{"@id":"https:\/\/www.oliviacentre.com\/#\/schema\/person\/4e3fd1f23e5e92f626d94d9a6079c118"},"breadcrumb":{"@id":"https:\/\/www.oliviacentre.com\/en\/uncategorized\/lets-talk-about-the-metropolis-in-pomerania-we-are-initiating-metropolitan-debates-in-olivia\/#breadcrumb"},"inLanguage":"en-US","potentialAction":[{"@type":"ReadAction","target":["https:\/\/www.oliviacentre.com\/en\/uncategorized\/lets-talk-about-the-metropolis-in-pomerania-we-are-initiating-metropolitan-debates-in-olivia\/"]}]},{"@type":"ImageObject","inLanguage":"en-US","@id":"https:\/\/www.oliviacentre.com\/en\/uncategorized\/lets-talk-about-the-metropolis-in-pomerania-we-are-initiating-metropolitan-debates-in-olivia\/#primaryimage","url":"https:\/\/www.oliviacentre.com\/wp-content\/uploads\/2021\/12\/MD_1.png","contentUrl":"https:\/\/www.oliviacentre.com\/wp-content\/uploads\/2021\/12\/MD_1.png","width":853,"height":317},{"@type":"BreadcrumbList","@id":"https:\/\/www.oliviacentre.com\/en\/uncategorized\/lets-talk-about-the-metropolis-in-pomerania-we-are-initiating-metropolitan-debates-in-olivia\/#breadcrumb","itemListElement":[{"@type":"ListItem","position":1,"name":"Strona g\u0142\u00f3wna","item":"https:\/\/www.oliviacentre.com\/en\/"},{"@type":"ListItem","position":2,"name":"Let&#8217;s talk about the metropolis in Pomerania. We are initiating Metropolitan Debates in Olivia"}]},{"@type":"WebSite","@id":"https:\/\/www.oliviacentre.com\/#website","url":"https:\/\/www.oliviacentre.com\/","name":"Olivia Centre","description":"wi\u0119cej ni\u017c biznes","potentialAction":[{"@type":"SearchAction","target":{"@type":"EntryPoint","urlTemplate":"https:\/\/www.oliviacentre.com\/?s={search_term_string}"},"query-input":{"@type":"PropertyValueSpecification","valueRequired":true,"valueName":"search_term_string"}}],"inLanguage":"en-US"},{"@type":"Person","@id":"https:\/\/www.oliviacentre.com\/#\/schema\/person\/4e3fd1f23e5e92f626d94d9a6079c118","name":"obc_adm","image":{"@type":"ImageObject","inLanguage":"en-US","@id":"https:\/\/secure.gravatar.com\/avatar\/6ed35b4db73d230af6821e3a3376266efeac586aaa58d4f283e31348a3f95a3d?s=96&d=mm&r=g","url":"https:\/\/secure.gravatar.com\/avatar\/6ed35b4db73d230af6821e3a3376266efeac586aaa58d4f283e31348a3f95a3d?s=96&d=mm&r=g","contentUrl":"https:\/\/secure.gravatar.com\/avatar\/6ed35b4db73d230af6821e3a3376266efeac586aaa58d4f283e31348a3f95a3d?s=96&d=mm&r=g","caption":"obc_adm"},"sameAs":["http:\/\/www.oliviacentre.com"],"url":"https:\/\/www.oliviacentre.com\/en\/author\/obc_adm\/"}]}},"_links":{"self":[{"href":"https:\/\/www.oliviacentre.com\/en\/wp-json\/wp\/v2\/posts\/168759","targetHints":{"allow":["GET"]}}],"collection":[{"href":"https:\/\/www.oliviacentre.com\/en\/wp-json\/wp\/v2\/posts"}],"about":[{"href":"https:\/\/www.oliviacentre.com\/en\/wp-json\/wp\/v2\/types\/post"}],"author":[{"embeddable":true,"href":"https:\/\/www.oliviacentre.com\/en\/wp-json\/wp\/v2\/users\/1"}],"replies":[{"embeddable":true,"href":"https:\/\/www.oliviacentre.com\/en\/wp-json\/wp\/v2\/comments?post=168759"}],"version-history":[{"count":0,"href":"https:\/\/www.oliviacentre.com\/en\/wp-json\/wp\/v2\/posts\/168759\/revisions"}],"wp:featuredmedia":[{"embeddable":true,"href":"https:\/\/www.oliviacentre.com\/en\/wp-json\/wp\/v2\/media\/12124"}],"wp:attachment":[{"href":"https:\/\/www.oliviacentre.com\/en\/wp-json\/wp\/v2\/media?parent=168759"}],"wp:term":[{"taxonomy":"category","embeddable":true,"href":"https:\/\/www.oliviacentre.com\/en\/wp-json\/wp\/v2\/categories?post=168759"},{"taxonomy":"post_tag","embeddable":true,"href":"https:\/\/www.oliviacentre.com\/en\/wp-json\/wp\/v2\/tags?post=168759"},{"taxonomy":"post_folder","embeddable":true,"href":"https:\/\/www.oliviacentre.com\/en\/wp-json\/wp\/v2\/post_folder?post=168759"}],"curies":[{"name":"wp","href":"https:\/\/api.w.org\/{rel}","templated":true}]}}