{"id":165045,"date":"2023-11-06T14:03:11","date_gmt":"2023-11-06T13:03:11","guid":{"rendered":"https:\/\/www.oliviacentre.com\/uncategorized\/art-on-the-patio\/"},"modified":"2023-11-06T14:03:11","modified_gmt":"2023-11-06T13:03:11","slug":"art-on-the-patio","status":"publish","type":"post","link":"https:\/\/www.oliviacentre.com\/en\/im-a-resident\/art-on-the-patio\/","title":{"rendered":"Art on the patio"},"content":{"rendered":"<p style=\"text-align: justify;\"><strong>Artistic workshops, exhibitions and shows have become a permanent fixture in the calendar of events dedicated to the Residents and Guests of Olivia Centre. However, the open-air exhibition of sculptures is something new!<\/strong><\/p>\n<p>&nbsp;<\/p>\n<p style=\"text-align: justify;\">From mid-March, Olivia&#8217;s patio can be admired<strong> fragment of the Warriors collection, by a Gda\u0144sk sculptor, prof. Academy of Fine Arts of Tomasz Sobisz.<\/strong>  The artist has many unique works exhibited in various parts of Europe. He is also the author of commemorative statuettes awarded to the winners of the Olivia Prize competition, organized annually at the Olivia Centre.<\/p>\n<p>&nbsp;<\/p>\n<p style=\"text-align: justify;\">Six sculptures with the motif of helmets of warriors and modern soldiers adorn the green area on the eastern side of Olivia Garden. The series of sculptures, created over the course of several years, depicts forms from various cultures and historical periods, starting from Hellenistic and Roman times, through the Middle Ages, and ending with the contemporary form of Kevlar. Above the sculptures of the helmets, there is a portrait form, showing a timeless warrior, which can be any of us, although on a different battlefield. The material covering the nose and mouth of the portrait sculpture is a direct reference to the time of the pandemic, when we wore masks for protection.<\/p>\n<p>&nbsp;<\/p>\n<p style=\"text-align: justify;\">The moulds were placed in a place open to anyone, at any time. We cordially invite you to familiarize yourself with the collection on the occasion of your visit to the patio, you can not only look at the sculptures, but also touch them. The exhibition will be available until the end of April 2023.<\/p>\n<p>&nbsp;<\/p>\n<p style=\"text-align: justify;\"><em>Prof. Academy of Fine Arts dr hab. Tomasz Sobisz, born in 1973 in L\u0119bork. He graduated from the Academy of Fine Arts in Gda\u0144sk in 1998. Habilitated doctor, works at his alma mater at the Faculty of Sculpture and Intermedia. Currently, he is the Vice-Dean of the Faculty of Sculpture and Intermedia. His sculptural output has been honoured with many prestigious awards, including the award of the Minister of Culture and Art, the award of the Mayor of Gda\u0144sk in the field of culture, the award of the Rector of the Academy of Fine Arts in Gda\u0144sk, and the award at the First Triennial of Pomeranian Art. In 2012 he received the PRO PATRIA Medal, and in 2014 he was awarded the Skra Ormuzdowa and the Medal of the Senate of the Republic of Poland. He has presented his sculptural achievements at many exhibitions, including at the Centre of Polish Sculpture in Oro\u0144sko (2011) and in Gda\u0144sk at individual exhibitions: MEMORANDUM, STABILE (Gda\u0144sk City Gallery, 2012) and BATTLEFIELD (State Gallery of Art in Sopot, 2015).<\/em><\/p>\n<p>&nbsp;<\/p>\n<p><a href=\"https:\/\/www.oliviacentre.com\/wp-content\/uploads\/2023\/03\/patio.png\"><img loading=\"lazy\" decoding=\"async\" class=\"aligncenter wp-image-159473 size-full\" src=\"https:\/\/www.oliviacentre.com\/wp-content\/uploads\/2023\/03\/patio.png\" alt=\"\" width=\"1414\" height=\"2000\" srcset=\"https:\/\/www.oliviacentre.com\/wp-content\/uploads\/2023\/03\/patio.png 1414w, https:\/\/www.oliviacentre.com\/wp-content\/uploads\/2023\/03\/patio-212x300.png 212w, https:\/\/www.oliviacentre.com\/wp-content\/uploads\/2023\/03\/patio-724x1024.png 724w, https:\/\/www.oliviacentre.com\/wp-content\/uploads\/2023\/03\/patio-768x1086.png 768w, https:\/\/www.oliviacentre.com\/wp-content\/uploads\/2023\/03\/patio-1086x1536.png 1086w\" sizes=\"auto, (max-width: 1414px) 100vw, 1414px\" \/><\/a><\/p>\n","protected":false},"excerpt":{"rendered":"<p>Artistic workshops, exhibitions and shows have become a permanent fixture in the calendar of events dedicated to the Residents and Guests of Olivia Centre. However, the open-air exhibition of sculptures is something new! &nbsp; From mid-March, Olivia&#8217;s patio can be admired fragment of the Warriors collection, by a Gda\u0144sk sculptor, prof. Academy of Fine Arts [&hellip;]<\/p>\n","protected":false},"author":3,"featured_media":165049,"comment_status":"closed","ping_status":"closed","sticky":false,"template":"","format":"standard","meta":{"_acf_changed":false,"kk_blocks_editor_width":"","_kiokenblocks_attr":"","_kiokenblocks_dimensions":"","footnotes":"","_links_to":"","_links_to_target":""},"categories":[291,293,295],"tags":[],"post_folder":[],"class_list":["post-165045","post","type-post","status-publish","format-standard","has-post-thumbnail","hentry","category-im-a-resident","category-news-en","category-news-en-2"],"acf":[],"yoast_head":"<!-- This site is optimized with the Yoast SEO plugin v27.4 - https:\/\/yoast.com\/product\/yoast-seo-wordpress\/ -->\n<title>Art on the patio - Olivia Centre<\/title>\n<meta name=\"robots\" content=\"index, follow, max-snippet:-1, max-image-preview:large, max-video-preview:-1\" \/>\n<link rel=\"canonical\" href=\"https:\/\/www.oliviacentre.com\/en\/im-a-resident\/art-on-the-patio\/\" \/>\n<meta property=\"og:locale\" content=\"en_US\" \/>\n<meta property=\"og:type\" content=\"article\" \/>\n<meta property=\"og:title\" content=\"Art on the patio - Olivia Centre\" \/>\n<meta property=\"og:description\" content=\"Artistic workshops, exhibitions and shows have become a permanent fixture in the calendar of events dedicated to the Residents and Guests of Olivia Centre. However, the open-air exhibition of sculptures is something new! &nbsp; From mid-March, Olivia&#8217;s patio can be admired fragment of the Warriors collection, by a Gda\u0144sk sculptor, prof. Academy of Fine Arts [&hellip;]\" \/>\n<meta property=\"og:url\" content=\"https:\/\/www.oliviacentre.com\/en\/im-a-resident\/art-on-the-patio\/\" \/>\n<meta property=\"og:site_name\" content=\"Olivia Centre\" \/>\n<meta property=\"article:publisher\" content=\"https:\/\/www.facebook.com\/oliviabusinesscentre\/\" \/>\n<meta property=\"article:published_time\" content=\"2023-11-06T13:03:11+00:00\" \/>\n<meta property=\"og:image\" content=\"https:\/\/www.oliviacentre.com\/wp-content\/uploads\/2023\/03\/patio_art.jpg\" \/>\n\t<meta property=\"og:image:width\" content=\"2560\" \/>\n\t<meta property=\"og:image:height\" content=\"742\" \/>\n\t<meta property=\"og:image:type\" content=\"image\/jpeg\" \/>\n<meta name=\"author\" content=\"Katarzyna Halicka\" \/>\n<meta name=\"twitter:card\" content=\"summary_large_image\" \/>\n<meta name=\"twitter:creator\" content=\"@oliviabusiness\" \/>\n<meta name=\"twitter:site\" content=\"@oliviabusiness\" \/>\n<meta name=\"twitter:label1\" content=\"Written by\" \/>\n\t<meta name=\"twitter:data1\" content=\"Katarzyna Halicka\" \/>\n\t<meta name=\"twitter:label2\" content=\"Est. reading time\" \/>\n\t<meta name=\"twitter:data2\" content=\"2 minutes\" \/>\n<script type=\"application\/ld+json\" class=\"yoast-schema-graph\">{\"@context\":\"https:\\\/\\\/schema.org\",\"@graph\":[{\"@type\":\"Article\",\"@id\":\"https:\\\/\\\/www.oliviacentre.com\\\/en\\\/im-a-resident\\\/art-on-the-patio\\\/#article\",\"isPartOf\":{\"@id\":\"https:\\\/\\\/www.oliviacentre.com\\\/en\\\/im-a-resident\\\/art-on-the-patio\\\/\"},\"author\":{\"name\":\"Katarzyna Halicka\",\"@id\":\"https:\\\/\\\/www.oliviacentre.com\\\/#\\\/schema\\\/person\\\/ea32c05ecadf5a62cc4a84a27b8d2a26\"},\"headline\":\"Art on the patio\",\"datePublished\":\"2023-11-06T13:03:11+00:00\",\"mainEntityOfPage\":{\"@id\":\"https:\\\/\\\/www.oliviacentre.com\\\/en\\\/im-a-resident\\\/art-on-the-patio\\\/\"},\"wordCount\":445,\"image\":{\"@id\":\"https:\\\/\\\/www.oliviacentre.com\\\/en\\\/im-a-resident\\\/art-on-the-patio\\\/#primaryimage\"},\"thumbnailUrl\":\"https:\\\/\\\/www.oliviacentre.com\\\/wp-content\\\/uploads\\\/2023\\\/03\\\/patio_art.jpg\",\"articleSection\":[\"I'm a resident\",\"News\",\"News\"],\"inLanguage\":\"en-US\"},{\"@type\":\"WebPage\",\"@id\":\"https:\\\/\\\/www.oliviacentre.com\\\/en\\\/im-a-resident\\\/art-on-the-patio\\\/\",\"url\":\"https:\\\/\\\/www.oliviacentre.com\\\/en\\\/im-a-resident\\\/art-on-the-patio\\\/\",\"name\":\"Art on the patio - Olivia Centre\",\"isPartOf\":{\"@id\":\"https:\\\/\\\/www.oliviacentre.com\\\/#website\"},\"primaryImageOfPage\":{\"@id\":\"https:\\\/\\\/www.oliviacentre.com\\\/en\\\/im-a-resident\\\/art-on-the-patio\\\/#primaryimage\"},\"image\":{\"@id\":\"https:\\\/\\\/www.oliviacentre.com\\\/en\\\/im-a-resident\\\/art-on-the-patio\\\/#primaryimage\"},\"thumbnailUrl\":\"https:\\\/\\\/www.oliviacentre.com\\\/wp-content\\\/uploads\\\/2023\\\/03\\\/patio_art.jpg\",\"datePublished\":\"2023-11-06T13:03:11+00:00\",\"author\":{\"@id\":\"https:\\\/\\\/www.oliviacentre.com\\\/#\\\/schema\\\/person\\\/ea32c05ecadf5a62cc4a84a27b8d2a26\"},\"breadcrumb\":{\"@id\":\"https:\\\/\\\/www.oliviacentre.com\\\/en\\\/im-a-resident\\\/art-on-the-patio\\\/#breadcrumb\"},\"inLanguage\":\"en-US\",\"potentialAction\":[{\"@type\":\"ReadAction\",\"target\":[\"https:\\\/\\\/www.oliviacentre.com\\\/en\\\/im-a-resident\\\/art-on-the-patio\\\/\"]}]},{\"@type\":\"ImageObject\",\"inLanguage\":\"en-US\",\"@id\":\"https:\\\/\\\/www.oliviacentre.com\\\/en\\\/im-a-resident\\\/art-on-the-patio\\\/#primaryimage\",\"url\":\"https:\\\/\\\/www.oliviacentre.com\\\/wp-content\\\/uploads\\\/2023\\\/03\\\/patio_art.jpg\",\"contentUrl\":\"https:\\\/\\\/www.oliviacentre.com\\\/wp-content\\\/uploads\\\/2023\\\/03\\\/patio_art.jpg\",\"width\":2560,\"height\":742},{\"@type\":\"BreadcrumbList\",\"@id\":\"https:\\\/\\\/www.oliviacentre.com\\\/en\\\/im-a-resident\\\/art-on-the-patio\\\/#breadcrumb\",\"itemListElement\":[{\"@type\":\"ListItem\",\"position\":1,\"name\":\"Strona g\u0142\u00f3wna\",\"item\":\"https:\\\/\\\/www.oliviacentre.com\\\/en\\\/\"},{\"@type\":\"ListItem\",\"position\":2,\"name\":\"Art on the patio\"}]},{\"@type\":\"WebSite\",\"@id\":\"https:\\\/\\\/www.oliviacentre.com\\\/#website\",\"url\":\"https:\\\/\\\/www.oliviacentre.com\\\/\",\"name\":\"Olivia Centre\",\"description\":\"wi\u0119cej ni\u017c biznes\",\"potentialAction\":[{\"@type\":\"SearchAction\",\"target\":{\"@type\":\"EntryPoint\",\"urlTemplate\":\"https:\\\/\\\/www.oliviacentre.com\\\/?s={search_term_string}\"},\"query-input\":{\"@type\":\"PropertyValueSpecification\",\"valueRequired\":true,\"valueName\":\"search_term_string\"}}],\"inLanguage\":\"en-US\"},{\"@type\":\"Person\",\"@id\":\"https:\\\/\\\/www.oliviacentre.com\\\/#\\\/schema\\\/person\\\/ea32c05ecadf5a62cc4a84a27b8d2a26\",\"name\":\"Katarzyna Halicka\",\"image\":{\"@type\":\"ImageObject\",\"inLanguage\":\"en-US\",\"@id\":\"https:\\\/\\\/secure.gravatar.com\\\/avatar\\\/9e2dd307cdef86ab620d6f211b815e7f86c4b5fee2334b292651b959c2511666?s=96&d=mm&r=g\",\"url\":\"https:\\\/\\\/secure.gravatar.com\\\/avatar\\\/9e2dd307cdef86ab620d6f211b815e7f86c4b5fee2334b292651b959c2511666?s=96&d=mm&r=g\",\"contentUrl\":\"https:\\\/\\\/secure.gravatar.com\\\/avatar\\\/9e2dd307cdef86ab620d6f211b815e7f86c4b5fee2334b292651b959c2511666?s=96&d=mm&r=g\",\"caption\":\"Katarzyna Halicka\"},\"url\":\"https:\\\/\\\/www.oliviacentre.com\\\/en\\\/author\\\/ktarzyna\\\/\"}]}<\/script>\n<!-- \/ Yoast SEO plugin. -->","yoast_head_json":{"title":"Art on the patio - Olivia Centre","robots":{"index":"index","follow":"follow","max-snippet":"max-snippet:-1","max-image-preview":"max-image-preview:large","max-video-preview":"max-video-preview:-1"},"canonical":"https:\/\/www.oliviacentre.com\/en\/im-a-resident\/art-on-the-patio\/","og_locale":"en_US","og_type":"article","og_title":"Art on the patio - Olivia Centre","og_description":"Artistic workshops, exhibitions and shows have become a permanent fixture in the calendar of events dedicated to the Residents and Guests of Olivia Centre. However, the open-air exhibition of sculptures is something new! &nbsp; From mid-March, Olivia&#8217;s patio can be admired fragment of the Warriors collection, by a Gda\u0144sk sculptor, prof. Academy of Fine Arts [&hellip;]","og_url":"https:\/\/www.oliviacentre.com\/en\/im-a-resident\/art-on-the-patio\/","og_site_name":"Olivia Centre","article_publisher":"https:\/\/www.facebook.com\/oliviabusinesscentre\/","article_published_time":"2023-11-06T13:03:11+00:00","og_image":[{"width":2560,"height":742,"url":"https:\/\/www.oliviacentre.com\/wp-content\/uploads\/2023\/03\/patio_art.jpg","type":"image\/jpeg"}],"author":"Katarzyna Halicka","twitter_card":"summary_large_image","twitter_creator":"@oliviabusiness","twitter_site":"@oliviabusiness","twitter_misc":{"Written by":"Katarzyna Halicka","Est. reading time":"2 minutes"},"schema":{"@context":"https:\/\/schema.org","@graph":[{"@type":"Article","@id":"https:\/\/www.oliviacentre.com\/en\/im-a-resident\/art-on-the-patio\/#article","isPartOf":{"@id":"https:\/\/www.oliviacentre.com\/en\/im-a-resident\/art-on-the-patio\/"},"author":{"name":"Katarzyna Halicka","@id":"https:\/\/www.oliviacentre.com\/#\/schema\/person\/ea32c05ecadf5a62cc4a84a27b8d2a26"},"headline":"Art on the patio","datePublished":"2023-11-06T13:03:11+00:00","mainEntityOfPage":{"@id":"https:\/\/www.oliviacentre.com\/en\/im-a-resident\/art-on-the-patio\/"},"wordCount":445,"image":{"@id":"https:\/\/www.oliviacentre.com\/en\/im-a-resident\/art-on-the-patio\/#primaryimage"},"thumbnailUrl":"https:\/\/www.oliviacentre.com\/wp-content\/uploads\/2023\/03\/patio_art.jpg","articleSection":["I'm a resident","News","News"],"inLanguage":"en-US"},{"@type":"WebPage","@id":"https:\/\/www.oliviacentre.com\/en\/im-a-resident\/art-on-the-patio\/","url":"https:\/\/www.oliviacentre.com\/en\/im-a-resident\/art-on-the-patio\/","name":"Art on the patio - Olivia Centre","isPartOf":{"@id":"https:\/\/www.oliviacentre.com\/#website"},"primaryImageOfPage":{"@id":"https:\/\/www.oliviacentre.com\/en\/im-a-resident\/art-on-the-patio\/#primaryimage"},"image":{"@id":"https:\/\/www.oliviacentre.com\/en\/im-a-resident\/art-on-the-patio\/#primaryimage"},"thumbnailUrl":"https:\/\/www.oliviacentre.com\/wp-content\/uploads\/2023\/03\/patio_art.jpg","datePublished":"2023-11-06T13:03:11+00:00","author":{"@id":"https:\/\/www.oliviacentre.com\/#\/schema\/person\/ea32c05ecadf5a62cc4a84a27b8d2a26"},"breadcrumb":{"@id":"https:\/\/www.oliviacentre.com\/en\/im-a-resident\/art-on-the-patio\/#breadcrumb"},"inLanguage":"en-US","potentialAction":[{"@type":"ReadAction","target":["https:\/\/www.oliviacentre.com\/en\/im-a-resident\/art-on-the-patio\/"]}]},{"@type":"ImageObject","inLanguage":"en-US","@id":"https:\/\/www.oliviacentre.com\/en\/im-a-resident\/art-on-the-patio\/#primaryimage","url":"https:\/\/www.oliviacentre.com\/wp-content\/uploads\/2023\/03\/patio_art.jpg","contentUrl":"https:\/\/www.oliviacentre.com\/wp-content\/uploads\/2023\/03\/patio_art.jpg","width":2560,"height":742},{"@type":"BreadcrumbList","@id":"https:\/\/www.oliviacentre.com\/en\/im-a-resident\/art-on-the-patio\/#breadcrumb","itemListElement":[{"@type":"ListItem","position":1,"name":"Strona g\u0142\u00f3wna","item":"https:\/\/www.oliviacentre.com\/en\/"},{"@type":"ListItem","position":2,"name":"Art on the patio"}]},{"@type":"WebSite","@id":"https:\/\/www.oliviacentre.com\/#website","url":"https:\/\/www.oliviacentre.com\/","name":"Olivia Centre","description":"wi\u0119cej ni\u017c biznes","potentialAction":[{"@type":"SearchAction","target":{"@type":"EntryPoint","urlTemplate":"https:\/\/www.oliviacentre.com\/?s={search_term_string}"},"query-input":{"@type":"PropertyValueSpecification","valueRequired":true,"valueName":"search_term_string"}}],"inLanguage":"en-US"},{"@type":"Person","@id":"https:\/\/www.oliviacentre.com\/#\/schema\/person\/ea32c05ecadf5a62cc4a84a27b8d2a26","name":"Katarzyna Halicka","image":{"@type":"ImageObject","inLanguage":"en-US","@id":"https:\/\/secure.gravatar.com\/avatar\/9e2dd307cdef86ab620d6f211b815e7f86c4b5fee2334b292651b959c2511666?s=96&d=mm&r=g","url":"https:\/\/secure.gravatar.com\/avatar\/9e2dd307cdef86ab620d6f211b815e7f86c4b5fee2334b292651b959c2511666?s=96&d=mm&r=g","contentUrl":"https:\/\/secure.gravatar.com\/avatar\/9e2dd307cdef86ab620d6f211b815e7f86c4b5fee2334b292651b959c2511666?s=96&d=mm&r=g","caption":"Katarzyna Halicka"},"url":"https:\/\/www.oliviacentre.com\/en\/author\/ktarzyna\/"}]}},"_links":{"self":[{"href":"https:\/\/www.oliviacentre.com\/en\/wp-json\/wp\/v2\/posts\/165045","targetHints":{"allow":["GET"]}}],"collection":[{"href":"https:\/\/www.oliviacentre.com\/en\/wp-json\/wp\/v2\/posts"}],"about":[{"href":"https:\/\/www.oliviacentre.com\/en\/wp-json\/wp\/v2\/types\/post"}],"author":[{"embeddable":true,"href":"https:\/\/www.oliviacentre.com\/en\/wp-json\/wp\/v2\/users\/3"}],"replies":[{"embeddable":true,"href":"https:\/\/www.oliviacentre.com\/en\/wp-json\/wp\/v2\/comments?post=165045"}],"version-history":[{"count":0,"href":"https:\/\/www.oliviacentre.com\/en\/wp-json\/wp\/v2\/posts\/165045\/revisions"}],"wp:featuredmedia":[{"embeddable":true,"href":"https:\/\/www.oliviacentre.com\/en\/wp-json\/wp\/v2\/media\/165049"}],"wp:attachment":[{"href":"https:\/\/www.oliviacentre.com\/en\/wp-json\/wp\/v2\/media?parent=165045"}],"wp:term":[{"taxonomy":"category","embeddable":true,"href":"https:\/\/www.oliviacentre.com\/en\/wp-json\/wp\/v2\/categories?post=165045"},{"taxonomy":"post_tag","embeddable":true,"href":"https:\/\/www.oliviacentre.com\/en\/wp-json\/wp\/v2\/tags?post=165045"},{"taxonomy":"post_folder","embeddable":true,"href":"https:\/\/www.oliviacentre.com\/en\/wp-json\/wp\/v2\/post_folder?post=165045"}],"curies":[{"name":"wp","href":"https:\/\/api.w.org\/{rel}","templated":true}]}}